{"id":9240,"date":"2019-04-14T18:24:33","date_gmt":"2019-04-14T16:24:33","guid":{"rendered":"http:\/\/lignesauto.fr\/?p=9240"},"modified":"2019-04-14T18:24:33","modified_gmt":"2019-04-14T16:24:33","slug":"i-d-roomzz-sixieme-silhouette-100-electrique-de-volkswagen","status":"publish","type":"post","link":"https:\/\/lignesauto.fr\/?p=9240","title":{"rendered":"I.D. ROOMZZ : sixi\u00e8me silhouette 100% \u00e9lectrique de Volkswagen"},"content":{"rendered":"<p><a href=\"http:\/\/lignesauto.fr\/wp-content\/uploads\/2018\/10\/LOGOActus_BD.jpg\"><img loading=\"lazy\" decoding=\"async\" class=\"alignnone size-medium wp-image-4921\" src=\"http:\/\/lignesauto.fr\/wp-content\/uploads\/2018\/10\/LOGOActus_BD-300x108.jpg\" alt=\"\" width=\"300\" height=\"108\" srcset=\"https:\/\/lignesauto.fr\/wp-content\/uploads\/2018\/10\/LOGOActus_BD-300x108.jpg 300w, https:\/\/lignesauto.fr\/wp-content\/uploads\/2018\/10\/LOGOActus_BD-768x276.jpg 768w, https:\/\/lignesauto.fr\/wp-content\/uploads\/2018\/10\/LOGOActus_BD-1024x367.jpg 1024w, https:\/\/lignesauto.fr\/wp-content\/uploads\/2018\/10\/LOGOActus_BD-370x133.jpg 370w, https:\/\/lignesauto.fr\/wp-content\/uploads\/2018\/10\/LOGOActus_BD-1040x373.jpg 1040w, https:\/\/lignesauto.fr\/wp-content\/uploads\/2018\/10\/LOGOActus_BD.jpg 1240w\" sizes=\"(max-width: 300px) 100vw, 300px\" \/><\/a><\/p>\n<p>Vous pourrez lire ici : \u00a0<a href=\"http:\/\/lignesauto.fr\/?p=9206\">http:\/\/lignesauto.fr\/?p=9206<\/a>\u00a0 \u00a0la strat\u00e9gie de production des v\u00e9hicules \u00e9lectriques de Volkswagen. Pour l&#8217;heure, en Chine, VW d\u00e9voile un nouveau membre de la famille I.D. : le SUV du segment &#8220;D&#8221; qui pourrait compl\u00e9ter l&#8217;offre des VW 100% \u00e9lectriques I.D. d&#8217;ici \u00e0 2022.<\/p>\n<p><img loading=\"lazy\" decoding=\"async\" class=\"alignnone wp-image-9234 size-large\" src=\"http:\/\/lignesauto.fr\/wp-content\/uploads\/2019\/04\/DB2019AU00470_large-1024x571.jpg\" alt=\"\" width=\"1024\" height=\"571\" srcset=\"https:\/\/lignesauto.fr\/wp-content\/uploads\/2019\/04\/DB2019AU00470_large-1024x571.jpg 1024w, https:\/\/lignesauto.fr\/wp-content\/uploads\/2019\/04\/DB2019AU00470_large-300x167.jpg 300w, https:\/\/lignesauto.fr\/wp-content\/uploads\/2019\/04\/DB2019AU00470_large-768x428.jpg 768w, https:\/\/lignesauto.fr\/wp-content\/uploads\/2019\/04\/DB2019AU00470_large-370x206.jpg 370w, https:\/\/lignesauto.fr\/wp-content\/uploads\/2019\/04\/DB2019AU00470_large-1040x580.jpg 1040w, https:\/\/lignesauto.fr\/wp-content\/uploads\/2019\/04\/DB2019AU00470_large.jpg 1417w\" sizes=\"(max-width: 1024px) 100vw, 1024px\" \/><\/p>\n<p>Tout comme les cinq silhouettes de la famille I.D. pr\u00e9c\u00e9demment r\u00e9v\u00e9l\u00e9es (I.D. compact, I.D. CROZZ SUV compact, I.D. BUZZ monospace, I.D. VIZZION et le I.D. BUGGY, le sixi\u00e8me membre de la famille enti\u00e8rement \u00e9lectrique est bas\u00e9 sur la plateforme 100% \u00e9lectrique modulaire (MEB).<\/p>\n<p><img loading=\"lazy\" decoding=\"async\" class=\"alignnone wp-image-9233 size-large\" src=\"http:\/\/lignesauto.fr\/wp-content\/uploads\/2019\/04\/DB2019AU00471_large-1024x527.jpg\" alt=\"\" width=\"1024\" height=\"527\" srcset=\"https:\/\/lignesauto.fr\/wp-content\/uploads\/2019\/04\/DB2019AU00471_large-1024x527.jpg 1024w, https:\/\/lignesauto.fr\/wp-content\/uploads\/2019\/04\/DB2019AU00471_large-300x154.jpg 300w, https:\/\/lignesauto.fr\/wp-content\/uploads\/2019\/04\/DB2019AU00471_large-768x395.jpg 768w, https:\/\/lignesauto.fr\/wp-content\/uploads\/2019\/04\/DB2019AU00471_large-370x190.jpg 370w, https:\/\/lignesauto.fr\/wp-content\/uploads\/2019\/04\/DB2019AU00471_large-1040x535.jpg 1040w, https:\/\/lignesauto.fr\/wp-content\/uploads\/2019\/04\/DB2019AU00471_large.jpg 1417w\" sizes=\"(max-width: 1024px) 100vw, 1024px\" \/><\/p>\n<p>L&#8217;I.D. ROOMZZ pr\u00e9sente de nombreuses innovations \u00e0 bord : comme son nom l&#8217;indique, le concept-car innove en mati\u00e8re de modularit\u00e9 de l&#8217;habitacle, avec des configurations de si\u00e8ges enti\u00e8rement nouvelles, des mat\u00e9riaux de haute qualit\u00e9 et une lumi\u00e8re personnalisable et int\u00e8gre le niveau 4 de pilotage autonome sans conducteur. ROOMZZ nous montre ce que nous pouvons attendre des SUV \u00e9lectriques dans le futur\u00a0\u00bb d\u00e9clare Klaus Bischoff, patron du design de la marque Volkswagen.<\/p>\n<p><img loading=\"lazy\" decoding=\"async\" class=\"alignnone wp-image-9235 size-large\" src=\"http:\/\/lignesauto.fr\/wp-content\/uploads\/2019\/04\/DB2019AU00469_large-1024x381.jpg\" alt=\"\" width=\"1024\" height=\"381\" srcset=\"https:\/\/lignesauto.fr\/wp-content\/uploads\/2019\/04\/DB2019AU00469_large-1024x381.jpg 1024w, https:\/\/lignesauto.fr\/wp-content\/uploads\/2019\/04\/DB2019AU00469_large-300x112.jpg 300w, https:\/\/lignesauto.fr\/wp-content\/uploads\/2019\/04\/DB2019AU00469_large-768x286.jpg 768w, https:\/\/lignesauto.fr\/wp-content\/uploads\/2019\/04\/DB2019AU00469_large-370x138.jpg 370w, https:\/\/lignesauto.fr\/wp-content\/uploads\/2019\/04\/DB2019AU00469_large-1040x387.jpg 1040w, https:\/\/lignesauto.fr\/wp-content\/uploads\/2019\/04\/DB2019AU00469_large.jpg 1417w\" sizes=\"(max-width: 1024px) 100vw, 1024px\" \/><\/p>\n<h3>LA FAMILLE I.D.<\/h3>\n<p><strong>I.D.Compact<\/strong><br \/>\n<img loading=\"lazy\" decoding=\"async\" class=\"alignnone wp-image-377 size-large\" src=\"http:\/\/lignesauto.fr\/wp-content\/uploads\/2017\/12\/db2017au00580_small-1024x674.jpg\" alt=\"\" width=\"1024\" height=\"674\" srcset=\"https:\/\/lignesauto.fr\/wp-content\/uploads\/2017\/12\/db2017au00580_small.jpg 1024w, https:\/\/lignesauto.fr\/wp-content\/uploads\/2017\/12\/db2017au00580_small-300x197.jpg 300w, https:\/\/lignesauto.fr\/wp-content\/uploads\/2017\/12\/db2017au00580_small-768x506.jpg 768w\" sizes=\"(max-width: 1024px) 100vw, 1024px\" \/><\/p>\n<p><strong>I.D.BUZZ<\/strong><br \/>\n<img loading=\"lazy\" decoding=\"async\" class=\"alignnone wp-image-9232 size-large\" src=\"http:\/\/lignesauto.fr\/wp-content\/uploads\/2019\/04\/DB2018AU02249_large-1024x652.jpg\" alt=\"\" width=\"1024\" height=\"652\" srcset=\"https:\/\/lignesauto.fr\/wp-content\/uploads\/2019\/04\/DB2018AU02249_large-1024x652.jpg 1024w, https:\/\/lignesauto.fr\/wp-content\/uploads\/2019\/04\/DB2018AU02249_large-300x191.jpg 300w, https:\/\/lignesauto.fr\/wp-content\/uploads\/2019\/04\/DB2018AU02249_large-768x489.jpg 768w, https:\/\/lignesauto.fr\/wp-content\/uploads\/2019\/04\/DB2018AU02249_large-370x236.jpg 370w, https:\/\/lignesauto.fr\/wp-content\/uploads\/2019\/04\/DB2018AU02249_large-1040x662.jpg 1040w, https:\/\/lignesauto.fr\/wp-content\/uploads\/2019\/04\/DB2018AU02249_large.jpg 1417w\" sizes=\"(max-width: 1024px) 100vw, 1024px\" \/><\/p>\n<p><strong>ID.CROZZ<\/strong><br \/>\n<img loading=\"lazy\" decoding=\"async\" class=\"alignnone wp-image-9243 size-large\" src=\"http:\/\/lignesauto.fr\/wp-content\/uploads\/2019\/04\/LIGNESIDCROZZ-1024x683.jpg\" alt=\"\" width=\"1024\" height=\"683\" srcset=\"https:\/\/lignesauto.fr\/wp-content\/uploads\/2019\/04\/LIGNESIDCROZZ-1024x683.jpg 1024w, https:\/\/lignesauto.fr\/wp-content\/uploads\/2019\/04\/LIGNESIDCROZZ-300x200.jpg 300w, https:\/\/lignesauto.fr\/wp-content\/uploads\/2019\/04\/LIGNESIDCROZZ-768x512.jpg 768w, https:\/\/lignesauto.fr\/wp-content\/uploads\/2019\/04\/LIGNESIDCROZZ-370x247.jpg 370w, https:\/\/lignesauto.fr\/wp-content\/uploads\/2019\/04\/LIGNESIDCROZZ-1040x693.jpg 1040w, https:\/\/lignesauto.fr\/wp-content\/uploads\/2019\/04\/LIGNESIDCROZZ.jpg 1200w\" sizes=\"(max-width: 1024px) 100vw, 1024px\" \/><\/p>\n<p><strong>I.D.VISION<\/strong><br \/>\n<img loading=\"lazy\" decoding=\"async\" class=\"alignnone wp-image-1659 size-large\" src=\"http:\/\/lignesauto.fr\/wp-content\/uploads\/2018\/03\/db2018au00108_small-1024x540.jpg\" alt=\"\" width=\"1024\" height=\"540\" srcset=\"https:\/\/lignesauto.fr\/wp-content\/uploads\/2018\/03\/db2018au00108_small.jpg 1024w, https:\/\/lignesauto.fr\/wp-content\/uploads\/2018\/03\/db2018au00108_small-300x158.jpg 300w, https:\/\/lignesauto.fr\/wp-content\/uploads\/2018\/03\/db2018au00108_small-768x405.jpg 768w\" sizes=\"(max-width: 1024px) 100vw, 1024px\" \/><\/p>\n<p><strong>I.D.BUGGY<\/strong><br \/>\n<img loading=\"lazy\" decoding=\"async\" class=\"alignnone wp-image-9236 size-large\" src=\"http:\/\/lignesauto.fr\/wp-content\/uploads\/2019\/04\/DB2019AU00329_large-1024x540.jpg\" alt=\"\" width=\"1024\" height=\"540\" srcset=\"https:\/\/lignesauto.fr\/wp-content\/uploads\/2019\/04\/DB2019AU00329_large-1024x540.jpg 1024w, https:\/\/lignesauto.fr\/wp-content\/uploads\/2019\/04\/DB2019AU00329_large-300x158.jpg 300w, https:\/\/lignesauto.fr\/wp-content\/uploads\/2019\/04\/DB2019AU00329_large-768x405.jpg 768w, https:\/\/lignesauto.fr\/wp-content\/uploads\/2019\/04\/DB2019AU00329_large-370x195.jpg 370w, https:\/\/lignesauto.fr\/wp-content\/uploads\/2019\/04\/DB2019AU00329_large-1040x548.jpg 1040w, https:\/\/lignesauto.fr\/wp-content\/uploads\/2019\/04\/DB2019AU00329_large.jpg 1417w\" sizes=\"(max-width: 1024px) 100vw, 1024px\" \/><\/p>\n<p><a href=\"http:\/\/lignesauto.fr\/wp-content\/uploads\/2018\/10\/LOGOActus_BD.jpg\"><img loading=\"lazy\" decoding=\"async\" class=\"alignnone size-medium wp-image-4921\" src=\"http:\/\/lignesauto.fr\/wp-content\/uploads\/2018\/10\/LOGOActus_BD-300x108.jpg\" alt=\"\" width=\"300\" height=\"108\" srcset=\"https:\/\/lignesauto.fr\/wp-content\/uploads\/2018\/10\/LOGOActus_BD-300x108.jpg 300w, https:\/\/lignesauto.fr\/wp-content\/uploads\/2018\/10\/LOGOActus_BD-768x276.jpg 768w, https:\/\/lignesauto.fr\/wp-content\/uploads\/2018\/10\/LOGOActus_BD-1024x367.jpg 1024w, https:\/\/lignesauto.fr\/wp-content\/uploads\/2018\/10\/LOGOActus_BD-370x133.jpg 370w, https:\/\/lignesauto.fr\/wp-content\/uploads\/2018\/10\/LOGOActus_BD-1040x373.jpg 1040w, https:\/\/lignesauto.fr\/wp-content\/uploads\/2018\/10\/LOGOActus_BD.jpg 1240w\" sizes=\"(max-width: 300px) 100vw, 300px\" \/><\/a><\/p>\n","protected":false},"excerpt":{"rendered":"<p>Vous pourrez lire ici : \u00a0http:\/\/lignesauto.fr\/?p=9206\u00a0 \u00a0la strat\u00e9gie de production des v\u00e9hicules \u00e9lectriques de Volkswagen. Pour l&#8217;heure, en Chine, VW d\u00e9voile un nouveau membre de la famille I.D. : le SUV du segment &#8220;D&#8221; qui pourrait compl\u00e9ter l&#8217;offre des VW 100% \u00e9lectriques I.D. d&#8217;ici \u00e0 2022. Tout comme les cinq [&hellip;]<\/p>\n","protected":false},"author":1,"featured_media":9235,"comment_status":"open","ping_status":"open","sticky":false,"template":"","format":"standard","meta":{"footnotes":""},"categories":[1],"tags":[],"_links":{"self":[{"href":"https:\/\/lignesauto.fr\/index.php?rest_route=\/wp\/v2\/posts\/9240"}],"collection":[{"href":"https:\/\/lignesauto.fr\/index.php?rest_route=\/wp\/v2\/posts"}],"about":[{"href":"https:\/\/lignesauto.fr\/index.php?rest_route=\/wp\/v2\/types\/post"}],"author":[{"embeddable":true,"href":"https:\/\/lignesauto.fr\/index.php?rest_route=\/wp\/v2\/users\/1"}],"replies":[{"embeddable":true,"href":"https:\/\/lignesauto.fr\/index.php?rest_route=%2Fwp%2Fv2%2Fcomments&post=9240"}],"version-history":[{"count":6,"href":"https:\/\/lignesauto.fr\/index.php?rest_route=\/wp\/v2\/posts\/9240\/revisions"}],"predecessor-version":[{"id":9253,"href":"https:\/\/lignesauto.fr\/index.php?rest_route=\/wp\/v2\/posts\/9240\/revisions\/9253"}],"wp:featuredmedia":[{"embeddable":true,"href":"https:\/\/lignesauto.fr\/index.php?rest_route=\/wp\/v2\/media\/9235"}],"wp:attachment":[{"href":"https:\/\/lignesauto.fr\/index.php?rest_route=%2Fwp%2Fv2%2Fmedia&parent=9240"}],"wp:term":[{"taxonomy":"category","embeddable":true,"href":"https:\/\/lignesauto.fr\/index.php?rest_route=%2Fwp%2Fv2%2Fcategories&post=9240"},{"taxonomy":"post_tag","embeddable":true,"href":"https:\/\/lignesauto.fr\/index.php?rest_route=%2Fwp%2Fv2%2Ftags&post=9240"}],"curies":[{"name":"wp","href":"https:\/\/api.w.org\/{rel}","templated":true}]}}