{"id":9259,"date":"2019-04-15T14:56:51","date_gmt":"2019-04-15T12:56:51","guid":{"rendered":"http:\/\/lignesauto.fr\/?p=9259"},"modified":"2019-04-15T14:56:51","modified_gmt":"2019-04-15T12:56:51","slug":"mercedes-glb-la-muraille-de-chine","status":"publish","type":"post","link":"https:\/\/lignesauto.fr\/?p=9259","title":{"rendered":"Mercedes GLB, la muraille de Chine !"},"content":{"rendered":"<p><a href=\"http:\/\/lignesauto.fr\/wp-content\/uploads\/2018\/10\/LOGOActus_BD.jpg\"><img loading=\"lazy\" decoding=\"async\" class=\"alignnone size-medium wp-image-4921\" src=\"http:\/\/lignesauto.fr\/wp-content\/uploads\/2018\/10\/LOGOActus_BD-300x108.jpg\" alt=\"\" width=\"300\" height=\"108\" srcset=\"https:\/\/lignesauto.fr\/wp-content\/uploads\/2018\/10\/LOGOActus_BD-300x108.jpg 300w, https:\/\/lignesauto.fr\/wp-content\/uploads\/2018\/10\/LOGOActus_BD-768x276.jpg 768w, https:\/\/lignesauto.fr\/wp-content\/uploads\/2018\/10\/LOGOActus_BD-1024x367.jpg 1024w, https:\/\/lignesauto.fr\/wp-content\/uploads\/2018\/10\/LOGOActus_BD-370x133.jpg 370w, https:\/\/lignesauto.fr\/wp-content\/uploads\/2018\/10\/LOGOActus_BD-1040x373.jpg 1040w, https:\/\/lignesauto.fr\/wp-content\/uploads\/2018\/10\/LOGOActus_BD.jpg 1240w\" sizes=\"(max-width: 300px) 100vw, 300px\" \/><\/a><\/p>\n<p>Si vous \u00eates allergiques aux SUV, retenez votre souffle ou sortez de la salle&#8230;\u00a0Apr\u00e8s le GLA, le GLC, le GLC Coup\u00e9, le GLE, le GLE Coup\u00e9, le GLS&#8230; voici le GLB, d\u00e9voil\u00e9 le 18 avril \u00e0 Shanghai !<\/p>\n<p><img loading=\"lazy\" decoding=\"async\" class=\"wp-image-9263 size-large\" src=\"http:\/\/lignesauto.fr\/wp-content\/uploads\/2019\/04\/19C0246_006-1024x768.jpg\" alt=\"\" width=\"1024\" height=\"768\" srcset=\"https:\/\/lignesauto.fr\/wp-content\/uploads\/2019\/04\/19C0246_006-1024x768.jpg 1024w, https:\/\/lignesauto.fr\/wp-content\/uploads\/2019\/04\/19C0246_006-300x225.jpg 300w, https:\/\/lignesauto.fr\/wp-content\/uploads\/2019\/04\/19C0246_006-768x576.jpg 768w, https:\/\/lignesauto.fr\/wp-content\/uploads\/2019\/04\/19C0246_006-370x278.jpg 370w, https:\/\/lignesauto.fr\/wp-content\/uploads\/2019\/04\/19C0246_006-1040x780.jpg 1040w, https:\/\/lignesauto.fr\/wp-content\/uploads\/2019\/04\/19C0246_006.jpg 1417w\" sizes=\"(max-width: 1024px) 100vw, 1024px\" \/><\/p>\n<p>Pas \u00e9tonnant que jusqu\u2019ici, plus de six millions de clients aient d\u00e9j\u00e0 opt\u00e9 pour un SUV Mercedes \u00e0 l\u2019\u00e9chelle mondiale. En 2018, les SUV ont repr\u00e9sent\u00e9 le premier segment de Mercedes avec plus de 820 000 unit\u00e9s vendues.<\/p>\n<p><img loading=\"lazy\" decoding=\"async\" class=\"wp-image-9262 size-large\" src=\"http:\/\/lignesauto.fr\/wp-content\/uploads\/2019\/04\/19C0246_003-1024x768.jpg\" alt=\"\" width=\"1024\" height=\"768\" srcset=\"https:\/\/lignesauto.fr\/wp-content\/uploads\/2019\/04\/19C0246_003-1024x768.jpg 1024w, https:\/\/lignesauto.fr\/wp-content\/uploads\/2019\/04\/19C0246_003-300x225.jpg 300w, https:\/\/lignesauto.fr\/wp-content\/uploads\/2019\/04\/19C0246_003-768x576.jpg 768w, https:\/\/lignesauto.fr\/wp-content\/uploads\/2019\/04\/19C0246_003-370x278.jpg 370w, https:\/\/lignesauto.fr\/wp-content\/uploads\/2019\/04\/19C0246_003-1040x780.jpg 1040w, https:\/\/lignesauto.fr\/wp-content\/uploads\/2019\/04\/19C0246_003.jpg 1417w\" sizes=\"(max-width: 1024px) 100vw, 1024px\" \/><\/p>\n<p>Comme son nom l&#8217;indique, le GLB trouvera sa place entre le GLA et le GLC. Mais une place justifi\u00e9e puisque le GLA est, d&#8217;apr\u00e8s Mercedes, typ\u00e9 sportif avec son allure dynamique alors que le nouveau GLB sera plus baroudeur, plus accueillant puisque bas\u00e9 sur un empattement long de 2,82 m et surtout, offrira la possibilit\u00e9 d&#8217;embarquer 7 personnes en 4,63 m.<\/p>\n<p><img loading=\"lazy\" decoding=\"async\" class=\"wp-image-9268 size-large\" src=\"http:\/\/lignesauto.fr\/wp-content\/uploads\/2019\/04\/19C0265_001-1024x517.jpg\" alt=\"\" width=\"1024\" height=\"517\" srcset=\"https:\/\/lignesauto.fr\/wp-content\/uploads\/2019\/04\/19C0265_001-1024x517.jpg 1024w, https:\/\/lignesauto.fr\/wp-content\/uploads\/2019\/04\/19C0265_001-300x151.jpg 300w, https:\/\/lignesauto.fr\/wp-content\/uploads\/2019\/04\/19C0265_001-768x388.jpg 768w, https:\/\/lignesauto.fr\/wp-content\/uploads\/2019\/04\/19C0265_001-370x187.jpg 370w, https:\/\/lignesauto.fr\/wp-content\/uploads\/2019\/04\/19C0265_001-1040x525.jpg 1040w, https:\/\/lignesauto.fr\/wp-content\/uploads\/2019\/04\/19C0265_001.jpg 1417w\" sizes=\"(max-width: 1024px) 100vw, 1024px\" \/><\/p>\n<p>Pour info, le GLC mesure quant \u00e0 lui deux petits centim\u00e8tres de plus, c&#8217;est dire que le GLB doit avant tout int\u00e9resser la client\u00e8le par&#8230; son design de VRAI baroudeur, notamment gr\u00e2ce \u00e0 une partie frontale \u00e9rig\u00e9e telle une muraille ce qui, pour Mercedes, correspond \u00e0 l&#8217;ADN des tout-terrains.<\/p>\n<p><img loading=\"lazy\" decoding=\"async\" class=\"wp-image-9270 size-large\" src=\"http:\/\/lignesauto.fr\/wp-content\/uploads\/2019\/04\/19C0265_003-1024x517.jpg\" alt=\"\" width=\"1024\" height=\"517\" srcset=\"https:\/\/lignesauto.fr\/wp-content\/uploads\/2019\/04\/19C0265_003-1024x517.jpg 1024w, https:\/\/lignesauto.fr\/wp-content\/uploads\/2019\/04\/19C0265_003-300x151.jpg 300w, https:\/\/lignesauto.fr\/wp-content\/uploads\/2019\/04\/19C0265_003-768x388.jpg 768w, https:\/\/lignesauto.fr\/wp-content\/uploads\/2019\/04\/19C0265_003-370x187.jpg 370w, https:\/\/lignesauto.fr\/wp-content\/uploads\/2019\/04\/19C0265_003-1040x525.jpg 1040w, https:\/\/lignesauto.fr\/wp-content\/uploads\/2019\/04\/19C0265_003.jpg 1417w\" sizes=\"(max-width: 1024px) 100vw, 1024px\" \/><\/p>\n<p><em>\u00ab Nous nous sommes demand\u00e9s s&#8217;il y avait encore un cr\u00e9neau dans notre offre de SUV entre le GLA et le GLC. Le Concept GLB r\u00e9pond \u00e0 cette interrogation. Avec ce v\u00e9hicule, nous d\u00e9voilons aussi nos id\u00e9es cr\u00e9atives pour ce segment \u00bb, <\/em>indique <span class=\"40Continoustext11ptZchn\">Britta Seeger, membre du directoire de Daimler\u00a0AG, responsable de la Distribution Mercedes-Benz Cars<\/span>.<em> \u00ab Le Concept GLB est un SUV r\u00e9sistant et pratique offrant des dimensions r\u00e9solument compactes. G\u00e9n\u00e9reux sept places familial ou v\u00e9hicule de loisirs multitalents : nous sommes s\u00fbrs que ce concept suscitera un vif int\u00e9r\u00eat chez nos clients. \u00bb<\/em><\/p>\n<p><img loading=\"lazy\" decoding=\"async\" class=\"wp-image-9266 size-full\" src=\"http:\/\/lignesauto.fr\/wp-content\/uploads\/2019\/04\/19C0246_010.jpg\" alt=\"\" width=\"984\" height=\"738\" srcset=\"https:\/\/lignesauto.fr\/wp-content\/uploads\/2019\/04\/19C0246_010.jpg 984w, https:\/\/lignesauto.fr\/wp-content\/uploads\/2019\/04\/19C0246_010-300x225.jpg 300w, https:\/\/lignesauto.fr\/wp-content\/uploads\/2019\/04\/19C0246_010-768x576.jpg 768w, https:\/\/lignesauto.fr\/wp-content\/uploads\/2019\/04\/19C0246_010-370x278.jpg 370w\" sizes=\"(max-width: 984px) 100vw, 984px\" \/><\/p>\n<p>Alors int\u00e9ressons-nous \u00e0 l&#8217;autre aspect de ce SUV qui n&#8217;est plus tr\u00e8s compact : sa modularit\u00e9 \u00e0 bord puisqu&#8217;on le sait, les monospaces se sont fait manger par les SUV. Le GLB dispose de dossiers de la rang\u00e9e de si\u00e8ges interm\u00e9diaires rabattables dans un rapport 40\/20\/40 de mani\u00e8re \u00e0 lib\u00e9rer une surface de chargement plane. Les assises sont fractionnables dans un rapport 40\/60. S&#8217;asseoir ou s&#8217;adosser, il faudra choisir. La deuxi\u00e8me rang\u00e9e de si\u00e8ges peut coulisser de 14 cm dans le sens longitudinal \u2013 9 cm vers l&#8217;avant, pour \u00e9largir le coffre ou l&#8217;espace aux pieds des passagers install\u00e9s tout \u00e0 l&#8217;arri\u00e8re, et 5 cm vers l&#8217;arri\u00e8re, lorsqu&#8217;il est n\u00e9cessaire d&#8217;accro\u00eetre l&#8217;espace aux jambes en configuration cinq si\u00e8ges.<\/p>\n<p><img loading=\"lazy\" decoding=\"async\" class=\"wp-image-9267 size-large\" src=\"http:\/\/lignesauto.fr\/wp-content\/uploads\/2019\/04\/19C0246_014-1024x768.jpg\" alt=\"\" width=\"1024\" height=\"768\" srcset=\"https:\/\/lignesauto.fr\/wp-content\/uploads\/2019\/04\/19C0246_014-1024x768.jpg 1024w, https:\/\/lignesauto.fr\/wp-content\/uploads\/2019\/04\/19C0246_014-300x225.jpg 300w, https:\/\/lignesauto.fr\/wp-content\/uploads\/2019\/04\/19C0246_014-768x576.jpg 768w, https:\/\/lignesauto.fr\/wp-content\/uploads\/2019\/04\/19C0246_014-370x278.jpg 370w, https:\/\/lignesauto.fr\/wp-content\/uploads\/2019\/04\/19C0246_014-1040x780.jpg 1040w, https:\/\/lignesauto.fr\/wp-content\/uploads\/2019\/04\/19C0246_014.jpg 1417w\" sizes=\"(max-width: 1024px) 100vw, 1024px\" \/><\/p>\n<p>Un r\u00e9glage \u00e0 huit niveaux de l&#8217;inclinaison du dossier sur la deuxi\u00e8me rang\u00e9e de si\u00e8ges permet \u00e9galement une adaptation pr\u00e9cise aux besoins d&#8217;espace et de confort du moment.\u00a0Pour faciliter l&#8217;acc\u00e8s \u00e0 la troisi\u00e8me rang\u00e9e, les si\u00e8ges de la deuxi\u00e8me rang\u00e9e disposent d&#8217;une fonction Easy-Entry : Il suffit d&#8217;actionner une poign\u00e9e de d\u00e9verrouillage situ\u00e9e sur le c\u00f4t\u00e9 sup\u00e9rieur du si\u00e8ge pour rabattre le dossier et faire coulisser l&#8217;ensemble du si\u00e8ge vers l&#8217;avant. Quatre si\u00e8ges enfants peuvent \u00eatre fix\u00e9s au total sur la deuxi\u00e8me et troisi\u00e8me rang\u00e9e.<em> &#8220;Faites des enfants&#8221;<\/em> qu&#8217;il disait. Mais oui, ils seront \u00e0 l&#8217;aise.<\/p>\n<p><img loading=\"lazy\" decoding=\"async\" class=\"wp-image-9271 size-large\" src=\"http:\/\/lignesauto.fr\/wp-content\/uploads\/2019\/04\/19C0265_004-1024x578.jpg\" alt=\"\" width=\"1024\" height=\"578\" srcset=\"https:\/\/lignesauto.fr\/wp-content\/uploads\/2019\/04\/19C0265_004-1024x578.jpg 1024w, https:\/\/lignesauto.fr\/wp-content\/uploads\/2019\/04\/19C0265_004-300x169.jpg 300w, https:\/\/lignesauto.fr\/wp-content\/uploads\/2019\/04\/19C0265_004-768x434.jpg 768w, https:\/\/lignesauto.fr\/wp-content\/uploads\/2019\/04\/19C0265_004-370x209.jpg 370w, https:\/\/lignesauto.fr\/wp-content\/uploads\/2019\/04\/19C0265_004-1040x587.jpg 1040w, https:\/\/lignesauto.fr\/wp-content\/uploads\/2019\/04\/19C0265_004.jpg 1417w\" sizes=\"(max-width: 1024px) 100vw, 1024px\" \/><\/p>\n<p>Et vous pourrez les emmener loin puisque le GLB est dot\u00e9 du 4MATIC. En utilisation standard, une r\u00e9partition de 80\/20 (essieu avant\/essieu arri\u00e8re) constitue la base du programme de conduite \u00ab Eco\/Comfort \u00bb. En mode \u00ab Sport \u00bb, la r\u00e9partition est de 70\/30. En mode tout-terrain, l&#8217;embrayage tout-terrain est utilis\u00e9 comme blocage interpont. La r\u00e9partition de base est alors \u00e9galitaire 50\/50.\u00a0Le GLB -de s\u00e9rie ne sera pas tr\u00e8s \u00e9loign\u00e9 de ce concept m\u00eame s&#8217;il ne conservera pas les optiques implant\u00e9es sur le toit.<\/p>\n<p><img loading=\"lazy\" decoding=\"async\" class=\"alignnone wp-image-9270 size-large\" src=\"http:\/\/lignesauto.fr\/wp-content\/uploads\/2019\/04\/19C0265_003-1024x517.jpg\" alt=\"\" width=\"1024\" height=\"517\" srcset=\"https:\/\/lignesauto.fr\/wp-content\/uploads\/2019\/04\/19C0265_003-1024x517.jpg 1024w, https:\/\/lignesauto.fr\/wp-content\/uploads\/2019\/04\/19C0265_003-300x151.jpg 300w, https:\/\/lignesauto.fr\/wp-content\/uploads\/2019\/04\/19C0265_003-768x388.jpg 768w, https:\/\/lignesauto.fr\/wp-content\/uploads\/2019\/04\/19C0265_003-370x187.jpg 370w, https:\/\/lignesauto.fr\/wp-content\/uploads\/2019\/04\/19C0265_003-1040x525.jpg 1040w, https:\/\/lignesauto.fr\/wp-content\/uploads\/2019\/04\/19C0265_003.jpg 1417w\" sizes=\"(max-width: 1024px) 100vw, 1024px\" \/><a href=\"http:\/\/lignesauto.fr\/wp-content\/uploads\/2018\/10\/LOGOActus_BD.jpg\"><img loading=\"lazy\" decoding=\"async\" class=\"alignnone size-medium wp-image-4921\" src=\"http:\/\/lignesauto.fr\/wp-content\/uploads\/2018\/10\/LOGOActus_BD-300x108.jpg\" alt=\"\" width=\"300\" height=\"108\" srcset=\"https:\/\/lignesauto.fr\/wp-content\/uploads\/2018\/10\/LOGOActus_BD-300x108.jpg 300w, https:\/\/lignesauto.fr\/wp-content\/uploads\/2018\/10\/LOGOActus_BD-768x276.jpg 768w, https:\/\/lignesauto.fr\/wp-content\/uploads\/2018\/10\/LOGOActus_BD-1024x367.jpg 1024w, https:\/\/lignesauto.fr\/wp-content\/uploads\/2018\/10\/LOGOActus_BD-370x133.jpg 370w, https:\/\/lignesauto.fr\/wp-content\/uploads\/2018\/10\/LOGOActus_BD-1040x373.jpg 1040w, https:\/\/lignesauto.fr\/wp-content\/uploads\/2018\/10\/LOGOActus_BD.jpg 1240w\" sizes=\"(max-width: 300px) 100vw, 300px\" \/><\/a><\/p>\n<p><strong>POUR RAPPEL, LE GLA&#8230;<\/strong><\/p>\n<p><img loading=\"lazy\" decoding=\"async\" class=\"alignnone wp-image-9272 size-large\" src=\"http:\/\/lignesauto.fr\/wp-content\/uploads\/2019\/04\/GLA-1024x433.jpeg\" alt=\"\" width=\"1024\" height=\"433\" srcset=\"https:\/\/lignesauto.fr\/wp-content\/uploads\/2019\/04\/GLA-1024x433.jpeg 1024w, https:\/\/lignesauto.fr\/wp-content\/uploads\/2019\/04\/GLA-300x127.jpeg 300w, https:\/\/lignesauto.fr\/wp-content\/uploads\/2019\/04\/GLA-768x325.jpeg 768w, https:\/\/lignesauto.fr\/wp-content\/uploads\/2019\/04\/GLA-370x157.jpeg 370w, https:\/\/lignesauto.fr\/wp-content\/uploads\/2019\/04\/GLA-1040x440.jpeg 1040w, https:\/\/lignesauto.fr\/wp-content\/uploads\/2019\/04\/GLA.jpeg 1680w\" sizes=\"(max-width: 1024px) 100vw, 1024px\" \/><\/p>\n<p>&nbsp;<\/p>\n<p><strong>LE GLB&#8230;<\/strong><\/p>\n<p><img loading=\"lazy\" decoding=\"async\" class=\"alignnone wp-image-9264 size-large\" src=\"http:\/\/lignesauto.fr\/wp-content\/uploads\/2019\/04\/19C0246_007-1024x768.jpg\" alt=\"\" width=\"1024\" height=\"768\" srcset=\"https:\/\/lignesauto.fr\/wp-content\/uploads\/2019\/04\/19C0246_007-1024x768.jpg 1024w, https:\/\/lignesauto.fr\/wp-content\/uploads\/2019\/04\/19C0246_007-300x225.jpg 300w, https:\/\/lignesauto.fr\/wp-content\/uploads\/2019\/04\/19C0246_007-768x576.jpg 768w, https:\/\/lignesauto.fr\/wp-content\/uploads\/2019\/04\/19C0246_007-370x278.jpg 370w, https:\/\/lignesauto.fr\/wp-content\/uploads\/2019\/04\/19C0246_007-1040x780.jpg 1040w, https:\/\/lignesauto.fr\/wp-content\/uploads\/2019\/04\/19C0246_007.jpg 1417w\" sizes=\"(max-width: 1024px) 100vw, 1024px\" \/><\/p>\n<p>&nbsp;<\/p>\n<p><strong>ET LE GLC !<\/strong><\/p>\n<p><img loading=\"lazy\" decoding=\"async\" class=\"alignnone wp-image-9273 size-large\" src=\"http:\/\/lignesauto.fr\/wp-content\/uploads\/2019\/04\/GLC-1024x576.jpeg\" alt=\"\" width=\"1024\" height=\"576\" srcset=\"https:\/\/lignesauto.fr\/wp-content\/uploads\/2019\/04\/GLC-1024x576.jpeg 1024w, https:\/\/lignesauto.fr\/wp-content\/uploads\/2019\/04\/GLC-300x169.jpeg 300w, https:\/\/lignesauto.fr\/wp-content\/uploads\/2019\/04\/GLC-768x432.jpeg 768w, https:\/\/lignesauto.fr\/wp-content\/uploads\/2019\/04\/GLC-370x208.jpeg 370w, https:\/\/lignesauto.fr\/wp-content\/uploads\/2019\/04\/GLC-1040x585.jpeg 1040w\" sizes=\"(max-width: 1024px) 100vw, 1024px\" \/><\/p>\n<p><a href=\"http:\/\/lignesauto.fr\/wp-content\/uploads\/2018\/10\/LOGOActus_BD.jpg\"><img loading=\"lazy\" decoding=\"async\" class=\"alignnone size-medium wp-image-4921\" src=\"http:\/\/lignesauto.fr\/wp-content\/uploads\/2018\/10\/LOGOActus_BD-300x108.jpg\" alt=\"\" width=\"300\" height=\"108\" srcset=\"https:\/\/lignesauto.fr\/wp-content\/uploads\/2018\/10\/LOGOActus_BD-300x108.jpg 300w, https:\/\/lignesauto.fr\/wp-content\/uploads\/2018\/10\/LOGOActus_BD-768x276.jpg 768w, https:\/\/lignesauto.fr\/wp-content\/uploads\/2018\/10\/LOGOActus_BD-1024x367.jpg 1024w, https:\/\/lignesauto.fr\/wp-content\/uploads\/2018\/10\/LOGOActus_BD-370x133.jpg 370w, https:\/\/lignesauto.fr\/wp-content\/uploads\/2018\/10\/LOGOActus_BD-1040x373.jpg 1040w, https:\/\/lignesauto.fr\/wp-content\/uploads\/2018\/10\/LOGOActus_BD.jpg 1240w\" sizes=\"(max-width: 300px) 100vw, 300px\" \/><\/a><\/p>\n","protected":false},"excerpt":{"rendered":"<p>Si vous \u00eates allergiques aux SUV, retenez votre souffle ou sortez de la salle&#8230;\u00a0Apr\u00e8s le GLA, le GLC, le GLC Coup\u00e9, le GLE, le GLE Coup\u00e9, le GLS&#8230; voici le GLB, d\u00e9voil\u00e9 le 18 avril \u00e0 Shanghai ! Pas \u00e9tonnant que jusqu\u2019ici, plus de six millions de clients aient d\u00e9j\u00e0 [&hellip;]<\/p>\n","protected":false},"author":1,"featured_media":9265,"comment_status":"open","ping_status":"open","sticky":false,"template":"","format":"standard","meta":{"footnotes":""},"categories":[1],"tags":[],"_links":{"self":[{"href":"https:\/\/lignesauto.fr\/index.php?rest_route=\/wp\/v2\/posts\/9259"}],"collection":[{"href":"https:\/\/lignesauto.fr\/index.php?rest_route=\/wp\/v2\/posts"}],"about":[{"href":"https:\/\/lignesauto.fr\/index.php?rest_route=\/wp\/v2\/types\/post"}],"author":[{"embeddable":true,"href":"https:\/\/lignesauto.fr\/index.php?rest_route=\/wp\/v2\/users\/1"}],"replies":[{"embeddable":true,"href":"https:\/\/lignesauto.fr\/index.php?rest_route=%2Fwp%2Fv2%2Fcomments&post=9259"}],"version-history":[{"count":6,"href":"https:\/\/lignesauto.fr\/index.php?rest_route=\/wp\/v2\/posts\/9259\/revisions"}],"predecessor-version":[{"id":9277,"href":"https:\/\/lignesauto.fr\/index.php?rest_route=\/wp\/v2\/posts\/9259\/revisions\/9277"}],"wp:featuredmedia":[{"embeddable":true,"href":"https:\/\/lignesauto.fr\/index.php?rest_route=\/wp\/v2\/media\/9265"}],"wp:attachment":[{"href":"https:\/\/lignesauto.fr\/index.php?rest_route=%2Fwp%2Fv2%2Fmedia&parent=9259"}],"wp:term":[{"taxonomy":"category","embeddable":true,"href":"https:\/\/lignesauto.fr\/index.php?rest_route=%2Fwp%2Fv2%2Fcategories&post=9259"},{"taxonomy":"post_tag","embeddable":true,"href":"https:\/\/lignesauto.fr\/index.php?rest_route=%2Fwp%2Fv2%2Ftags&post=9259"}],"curies":[{"name":"wp","href":"https:\/\/api.w.org\/{rel}","templated":true}]}}