{"id":9278,"date":"2019-04-15T15:24:53","date_gmt":"2019-04-15T13:24:53","guid":{"rendered":"http:\/\/lignesauto.fr\/?p=9278"},"modified":"2019-04-15T15:25:17","modified_gmt":"2019-04-15T13:25:17","slug":"audi-aime-vision-urbaine-autonome-videos","status":"publish","type":"post","link":"https:\/\/lignesauto.fr\/?p=9278","title":{"rendered":"Audi AI:ME, vision urbaine autonome (VIDEOS)"},"content":{"rendered":"<p><a href=\"http:\/\/lignesauto.fr\/wp-content\/uploads\/2018\/10\/LOGOActus_BD.jpg\"><img loading=\"lazy\" decoding=\"async\" class=\"alignnone size-medium wp-image-4921\" src=\"http:\/\/lignesauto.fr\/wp-content\/uploads\/2018\/10\/LOGOActus_BD-300x108.jpg\" alt=\"\" width=\"300\" height=\"108\" srcset=\"https:\/\/lignesauto.fr\/wp-content\/uploads\/2018\/10\/LOGOActus_BD-300x108.jpg 300w, https:\/\/lignesauto.fr\/wp-content\/uploads\/2018\/10\/LOGOActus_BD-768x276.jpg 768w, https:\/\/lignesauto.fr\/wp-content\/uploads\/2018\/10\/LOGOActus_BD-1024x367.jpg 1024w, https:\/\/lignesauto.fr\/wp-content\/uploads\/2018\/10\/LOGOActus_BD-370x133.jpg 370w, https:\/\/lignesauto.fr\/wp-content\/uploads\/2018\/10\/LOGOActus_BD-1040x373.jpg 1040w, https:\/\/lignesauto.fr\/wp-content\/uploads\/2018\/10\/LOGOActus_BD.jpg 1240w\" sizes=\"(max-width: 300px) 100vw, 300px\" \/><\/a><\/p>\n<p><img loading=\"lazy\" decoding=\"async\" class=\"alignnone wp-image-9287 size-large\" src=\"http:\/\/lignesauto.fr\/wp-content\/uploads\/2019\/04\/A194137_medium-1024x768.jpg\" alt=\"\" width=\"1024\" height=\"768\" srcset=\"https:\/\/lignesauto.fr\/wp-content\/uploads\/2019\/04\/A194137_medium-1024x768.jpg 1024w, https:\/\/lignesauto.fr\/wp-content\/uploads\/2019\/04\/A194137_medium-300x225.jpg 300w, https:\/\/lignesauto.fr\/wp-content\/uploads\/2019\/04\/A194137_medium-768x576.jpg 768w, https:\/\/lignesauto.fr\/wp-content\/uploads\/2019\/04\/A194137_medium-370x277.jpg 370w, https:\/\/lignesauto.fr\/wp-content\/uploads\/2019\/04\/A194137_medium-1040x780.jpg 1040w\" sizes=\"(max-width: 1024px) 100vw, 1024px\" \/><\/p>\n<p>Au salon Auto Shanghai 2019, Audi pr\u00e9sente un concept de mobilit\u00e9 visionnaire pour les m\u00e9galopoles du futur : l&#8217;Audi AI:ME, offre des dimensions compactes, un habitacle spacieux et futuriste et la capacit\u00e9 de conduire de fa\u00e7on autonome au niveau 4. Cela permet aux occupants de faire ce qu&#8217;ils veulent de leur temps \u00e0 bord. L&#8217;Audi AI:ME offre un large \u00e9ventail de caract\u00e9ristiques de haute technologie pour la communication, le divertissement ou simplement la d\u00e9tente.<\/p>\n<p><img loading=\"lazy\" decoding=\"async\" class=\"alignnone wp-image-9288 size-large\" src=\"http:\/\/lignesauto.fr\/wp-content\/uploads\/2019\/04\/A194138_medium-1024x768.jpg\" alt=\"\" width=\"1024\" height=\"768\" srcset=\"https:\/\/lignesauto.fr\/wp-content\/uploads\/2019\/04\/A194138_medium-1024x768.jpg 1024w, https:\/\/lignesauto.fr\/wp-content\/uploads\/2019\/04\/A194138_medium-300x225.jpg 300w, https:\/\/lignesauto.fr\/wp-content\/uploads\/2019\/04\/A194138_medium-768x576.jpg 768w, https:\/\/lignesauto.fr\/wp-content\/uploads\/2019\/04\/A194138_medium-370x277.jpg 370w, https:\/\/lignesauto.fr\/wp-content\/uploads\/2019\/04\/A194138_medium-1040x780.jpg 1040w\" sizes=\"(max-width: 1024px) 100vw, 1024px\" \/><br \/>\nIl y a une raison pour laquelle le nom AI:ME met l&#8217;accent sur la relation avec l&#8217;Audi AIcon, l&#8217;\u00e9tude de l&#8217;exploitation automatis\u00e9e longue distance introduite en 2017. L&#8217;affinit\u00e9 de la ligne de carrosserie et du concept de ces deux voitures deviendra \u00e9vidente \u00e0 Shanghai, alors que l&#8217;AIcon sera pr\u00e9sent\u00e9e en premi\u00e8re mondiale sur la sc\u00e8ne du stand Audi \u00e0 Auto Shanghai 2019.<\/p>\n<p><img loading=\"lazy\" decoding=\"async\" class=\"alignnone wp-image-9289 size-large\" src=\"http:\/\/lignesauto.fr\/wp-content\/uploads\/2019\/04\/A194139_medium-1024x768.jpg\" alt=\"\" width=\"1024\" height=\"768\" srcset=\"https:\/\/lignesauto.fr\/wp-content\/uploads\/2019\/04\/A194139_medium-1024x768.jpg 1024w, https:\/\/lignesauto.fr\/wp-content\/uploads\/2019\/04\/A194139_medium-300x225.jpg 300w, https:\/\/lignesauto.fr\/wp-content\/uploads\/2019\/04\/A194139_medium-768x576.jpg 768w, https:\/\/lignesauto.fr\/wp-content\/uploads\/2019\/04\/A194139_medium-370x277.jpg 370w, https:\/\/lignesauto.fr\/wp-content\/uploads\/2019\/04\/A194139_medium-1040x780.jpg 1040w\" sizes=\"(max-width: 1024px) 100vw, 1024px\" \/><\/p>\n<p>Avec une longueur de 4,30 m\u00e8tres et une largeur de 1,90 m\u00e8tres, l&#8217;Audi AI:ME a le gabarit d&#8217;une berline compacte, ce qui n&#8217;est pas tout \u00e0 fait celui de&#8230; l&#8217;Ami One de Citro\u00ebn par exemple avec ses 2,50 m ! Donc, deux visions de l&#8217;auto urbaine de demain&#8230;<\/p>\n<p><img loading=\"lazy\" decoding=\"async\" class=\"alignnone wp-image-9280 size-large\" src=\"http:\/\/lignesauto.fr\/wp-content\/uploads\/2019\/04\/A194108_medium-1024x768.jpg\" alt=\"\" width=\"1024\" height=\"768\" srcset=\"https:\/\/lignesauto.fr\/wp-content\/uploads\/2019\/04\/A194108_medium-1024x768.jpg 1024w, https:\/\/lignesauto.fr\/wp-content\/uploads\/2019\/04\/A194108_medium-300x225.jpg 300w, https:\/\/lignesauto.fr\/wp-content\/uploads\/2019\/04\/A194108_medium-768x576.jpg 768w, https:\/\/lignesauto.fr\/wp-content\/uploads\/2019\/04\/A194108_medium-370x277.jpg 370w, https:\/\/lignesauto.fr\/wp-content\/uploads\/2019\/04\/A194108_medium-1040x780.jpg 1040w\" sizes=\"(max-width: 1024px) 100vw, 1024px\" \/><\/p>\n<p>Cependant, l&#8217;empattement de 2,77 m\u00e8tres et la hauteur de 1,52 m\u00e8tre annoncent un volume habitacle forc\u00e9ment g\u00e9n\u00e9reux. Le moteur \u00e9lectrique prend place sur le train arri\u00e8re et d\u00e9veloppe 125 kW, soit approximativement 170 ch.<\/p>\n<p><img loading=\"lazy\" decoding=\"async\" class=\"alignnone wp-image-9286 size-large\" src=\"http:\/\/lignesauto.fr\/wp-content\/uploads\/2019\/04\/A194131_medium-1024x768.jpg\" alt=\"\" width=\"1024\" height=\"768\" srcset=\"https:\/\/lignesauto.fr\/wp-content\/uploads\/2019\/04\/A194131_medium-1024x768.jpg 1024w, https:\/\/lignesauto.fr\/wp-content\/uploads\/2019\/04\/A194131_medium-300x225.jpg 300w, https:\/\/lignesauto.fr\/wp-content\/uploads\/2019\/04\/A194131_medium-768x576.jpg 768w, https:\/\/lignesauto.fr\/wp-content\/uploads\/2019\/04\/A194131_medium-370x277.jpg 370w, https:\/\/lignesauto.fr\/wp-content\/uploads\/2019\/04\/A194131_medium-1040x780.jpg 1040w\" sizes=\"(max-width: 1024px) 100vw, 1024px\" \/><\/p>\n<p>L&#8217;Audi AI:ME est con\u00e7ue comme une Audi 2 places et plus. Son agencement repose sur une vari\u00e9t\u00e9 de configurations pour la position des si\u00e8ges et l&#8217;espace de rangement. Alors que seuls les si\u00e8ges individuels \u00e0 l&#8217;avant seront utilis\u00e9s pendant la plupart des trajets, la voiture peut accueillir jusqu&#8217;\u00e0 quatre personnes \u00e0 l&#8217;avant et sur la banquette arri\u00e8re si n\u00e9cessaire.<\/p>\n<p><img loading=\"lazy\" decoding=\"async\" class=\"wp-image-9284 size-large\" src=\"http:\/\/lignesauto.fr\/wp-content\/uploads\/2019\/04\/A194127_medium-1024x768.jpg\" alt=\"\" width=\"1024\" height=\"768\" srcset=\"https:\/\/lignesauto.fr\/wp-content\/uploads\/2019\/04\/A194127_medium-1024x768.jpg 1024w, https:\/\/lignesauto.fr\/wp-content\/uploads\/2019\/04\/A194127_medium-300x225.jpg 300w, https:\/\/lignesauto.fr\/wp-content\/uploads\/2019\/04\/A194127_medium-768x576.jpg 768w, https:\/\/lignesauto.fr\/wp-content\/uploads\/2019\/04\/A194127_medium-370x277.jpg 370w, https:\/\/lignesauto.fr\/wp-content\/uploads\/2019\/04\/A194127_medium-1040x780.jpg 1040w\" sizes=\"(max-width: 1024px) 100vw, 1024px\" \/><\/p>\n<h3>Cette nouvelle petite (??) Audi est \u00e0 d\u00e9couvrir en videos ici :<\/h3>\n<p><iframe loading=\"lazy\" title=\"22714  13758 audi media tv 1000k\" width=\"640\" height=\"360\" src=\"https:\/\/www.youtube.com\/embed\/9erDr-0Xbk8?feature=oembed\" frameborder=\"0\" allow=\"accelerometer; autoplay; clipboard-write; encrypted-media; gyroscope; picture-in-picture; web-share\" referrerpolicy=\"strict-origin-when-cross-origin\" allowfullscreen><\/iframe><\/p>\n<p><iframe loading=\"lazy\" title=\"22731  13790 audi media tv 1000k\" width=\"640\" height=\"360\" src=\"https:\/\/www.youtube.com\/embed\/_iEuccF2sew?feature=oembed\" frameborder=\"0\" allow=\"accelerometer; autoplay; clipboard-write; encrypted-media; gyroscope; picture-in-picture; web-share\" referrerpolicy=\"strict-origin-when-cross-origin\" allowfullscreen><\/iframe><\/p>\n<p><a href=\"http:\/\/lignesauto.fr\/wp-content\/uploads\/2018\/10\/LOGOActus_BD.jpg\"><img loading=\"lazy\" decoding=\"async\" class=\"alignnone size-medium wp-image-4921\" src=\"http:\/\/lignesauto.fr\/wp-content\/uploads\/2018\/10\/LOGOActus_BD-300x108.jpg\" alt=\"\" width=\"300\" height=\"108\" srcset=\"https:\/\/lignesauto.fr\/wp-content\/uploads\/2018\/10\/LOGOActus_BD-300x108.jpg 300w, https:\/\/lignesauto.fr\/wp-content\/uploads\/2018\/10\/LOGOActus_BD-768x276.jpg 768w, https:\/\/lignesauto.fr\/wp-content\/uploads\/2018\/10\/LOGOActus_BD-1024x367.jpg 1024w, https:\/\/lignesauto.fr\/wp-content\/uploads\/2018\/10\/LOGOActus_BD-370x133.jpg 370w, https:\/\/lignesauto.fr\/wp-content\/uploads\/2018\/10\/LOGOActus_BD-1040x373.jpg 1040w, https:\/\/lignesauto.fr\/wp-content\/uploads\/2018\/10\/LOGOActus_BD.jpg 1240w\" sizes=\"(max-width: 300px) 100vw, 300px\" \/><\/a><\/p>\n","protected":false},"excerpt":{"rendered":"<p>Au salon Auto Shanghai 2019, Audi pr\u00e9sente un concept de mobilit\u00e9 visionnaire pour les m\u00e9galopoles du futur : l&#8217;Audi AI:ME, offre des dimensions compactes, un habitacle spacieux et futuriste et la capacit\u00e9 de conduire de fa\u00e7on autonome au niveau 4. Cela permet aux occupants de faire ce qu&#8217;ils veulent de [&hellip;]<\/p>\n","protected":false},"author":1,"featured_media":9282,"comment_status":"open","ping_status":"open","sticky":false,"template":"","format":"standard","meta":{"footnotes":""},"categories":[1],"tags":[],"_links":{"self":[{"href":"https:\/\/lignesauto.fr\/index.php?rest_route=\/wp\/v2\/posts\/9278"}],"collection":[{"href":"https:\/\/lignesauto.fr\/index.php?rest_route=\/wp\/v2\/posts"}],"about":[{"href":"https:\/\/lignesauto.fr\/index.php?rest_route=\/wp\/v2\/types\/post"}],"author":[{"embeddable":true,"href":"https:\/\/lignesauto.fr\/index.php?rest_route=\/wp\/v2\/users\/1"}],"replies":[{"embeddable":true,"href":"https:\/\/lignesauto.fr\/index.php?rest_route=%2Fwp%2Fv2%2Fcomments&post=9278"}],"version-history":[{"count":3,"href":"https:\/\/lignesauto.fr\/index.php?rest_route=\/wp\/v2\/posts\/9278\/revisions"}],"predecessor-version":[{"id":9292,"href":"https:\/\/lignesauto.fr\/index.php?rest_route=\/wp\/v2\/posts\/9278\/revisions\/9292"}],"wp:featuredmedia":[{"embeddable":true,"href":"https:\/\/lignesauto.fr\/index.php?rest_route=\/wp\/v2\/media\/9282"}],"wp:attachment":[{"href":"https:\/\/lignesauto.fr\/index.php?rest_route=%2Fwp%2Fv2%2Fmedia&parent=9278"}],"wp:term":[{"taxonomy":"category","embeddable":true,"href":"https:\/\/lignesauto.fr\/index.php?rest_route=%2Fwp%2Fv2%2Fcategories&post=9278"},{"taxonomy":"post_tag","embeddable":true,"href":"https:\/\/lignesauto.fr\/index.php?rest_route=%2Fwp%2Fv2%2Ftags&post=9278"}],"curies":[{"name":"wp","href":"https:\/\/api.w.org\/{rel}","templated":true}]}}