{"id":9424,"date":"2019-04-30T11:02:01","date_gmt":"2019-04-30T09:02:01","guid":{"rendered":"http:\/\/lignesauto.fr\/?p=9424"},"modified":"2019-04-30T11:02:11","modified_gmt":"2019-04-30T09:02:11","slug":"quand-bmw-embarque-a-bord-des-materiaux-extraterrestres","status":"publish","type":"post","link":"https:\/\/lignesauto.fr\/?p=9424","title":{"rendered":"Quand BMW embarque des mat\u00e9riaux extraterrestres !"},"content":{"rendered":"<p><a href=\"http:\/\/lignesauto.fr\/wp-content\/uploads\/2018\/10\/LOGOActus_BD.jpg\"><img loading=\"lazy\" decoding=\"async\" class=\"alignnone size-medium wp-image-4921\" src=\"http:\/\/lignesauto.fr\/wp-content\/uploads\/2018\/10\/LOGOActus_BD-300x108.jpg\" alt=\"\" width=\"300\" height=\"108\" srcset=\"https:\/\/lignesauto.fr\/wp-content\/uploads\/2018\/10\/LOGOActus_BD-300x108.jpg 300w, https:\/\/lignesauto.fr\/wp-content\/uploads\/2018\/10\/LOGOActus_BD-768x276.jpg 768w, https:\/\/lignesauto.fr\/wp-content\/uploads\/2018\/10\/LOGOActus_BD-1024x367.jpg 1024w, https:\/\/lignesauto.fr\/wp-content\/uploads\/2018\/10\/LOGOActus_BD-370x133.jpg 370w, https:\/\/lignesauto.fr\/wp-content\/uploads\/2018\/10\/LOGOActus_BD-1040x373.jpg 1040w, https:\/\/lignesauto.fr\/wp-content\/uploads\/2018\/10\/LOGOActus_BD.jpg 1240w\" sizes=\"(max-width: 300px) 100vw, 300px\" \/><\/a><\/p>\n<p><a href=\"http:\/\/lignesauto.fr\/?attachment_id=9437\" rel=\"attachment wp-att-9437\"><img loading=\"lazy\" decoding=\"async\" class=\"alignnone wp-image-9437 size-full\" src=\"http:\/\/lignesauto.fr\/wp-content\/uploads\/2019\/04\/P90333163_lowRes_the-all-new-bmw-indi.jpg\" alt=\"\" width=\"600\" height=\"450\" srcset=\"https:\/\/lignesauto.fr\/wp-content\/uploads\/2019\/04\/P90333163_lowRes_the-all-new-bmw-indi.jpg 600w, https:\/\/lignesauto.fr\/wp-content\/uploads\/2019\/04\/P90333163_lowRes_the-all-new-bmw-indi-300x225.jpg 300w, https:\/\/lignesauto.fr\/wp-content\/uploads\/2019\/04\/P90333163_lowRes_the-all-new-bmw-indi-370x278.jpg 370w\" sizes=\"(max-width: 600px) 100vw, 600px\" \/><\/a><\/p>\n<p>Depuis plus de 25 ans, BMW Individual \u00e0 Garching, pr\u00e8s de Munich, propose des mod\u00e8les sp\u00e9ciaux dot\u00e9s d&#8217;un design tr\u00e8s distinctif et enrichis des mat\u00e9riaux les plus pr\u00e9cieux. BMW Individual a ouvert une nouvelle dimension avec la BMW Individual M850i xDrive Coup\u00e9 Night Sky pr\u00e9sent\u00e9e alors que notre plan\u00e8te a travers\u00e9 bri\u00e8vement l&#8217;orbite de l&#8217;ast\u00e9ro\u00efde 2003 EH, au cours de laquelle des fragments de l&#8217;ast\u00e9ro\u00efde sont entr\u00e9s dans l&#8217;atmosph\u00e8re de notre plan\u00e8te en brulant. En de rares occasions, de plus petites roches dans l&#8217;espace p\u00e9n\u00e8trent dans le bouclier protecteur de notre plan\u00e8te et tombent sur Terre sous forme de m\u00e9t\u00e9orites. Certains de ces fragments extraterrestres ont \u00e9t\u00e9 incorpor\u00e9s dans l&#8217;habitacle de cette BMW hors du commun\u00a0!<\/p>\n<p><a href=\"http:\/\/lignesauto.fr\/?attachment_id=9429\" rel=\"attachment wp-att-9429\"><img loading=\"lazy\" decoding=\"async\" class=\"alignnone wp-image-9429 size-full\" src=\"http:\/\/lignesauto.fr\/wp-content\/uploads\/2019\/04\/P90333173_lowRes_the-all-new-bmw-indi.jpg\" alt=\"\" width=\"600\" height=\"450\" srcset=\"https:\/\/lignesauto.fr\/wp-content\/uploads\/2019\/04\/P90333173_lowRes_the-all-new-bmw-indi.jpg 600w, https:\/\/lignesauto.fr\/wp-content\/uploads\/2019\/04\/P90333173_lowRes_the-all-new-bmw-indi-300x225.jpg 300w, https:\/\/lignesauto.fr\/wp-content\/uploads\/2019\/04\/P90333173_lowRes_the-all-new-bmw-indi-370x278.jpg 370w\" sizes=\"(max-width: 600px) 100vw, 600px\" \/><\/a><\/p>\n<p>En utilisant des mat\u00e9riaux litt\u00e9ralement hors du commun, BMW Individual r\u00e9ussit \u00e0 donner \u00e0 la voiture un attrait esth\u00e9tique unique et tr\u00e8s original et repousse les limites de l\u2019exclusivit\u00e9. La pierre issue de fragments de m\u00e9t\u00e9orites orne l&#8217;ensemble de la console centrale, cr\u00e9ant un effet visuel et tactile sans pareil dans le secteur automobile. Des incrustations en m\u00e9t\u00e9orite ont \u00e9galement \u00e9t\u00e9 incorpor\u00e9es dans les seuils de portes. BMW Individual a fait appel \u00e0 l&#8217;expertise des chercheurs du \u00ab\u00a0Max Planck Institute for Extraterrestrial Physics\u00a0\u00bb situ\u00e9 \u00e0 Garching.<\/p>\n<p><a href=\"http:\/\/lignesauto.fr\/?attachment_id=9433\" rel=\"attachment wp-att-9433\"><img loading=\"lazy\" decoding=\"async\" class=\"alignnone wp-image-9433 size-large\" src=\"http:\/\/lignesauto.fr\/wp-content\/uploads\/2019\/04\/P90333169_highRes_the-all-new-bmw-indi-1024x768.jpg\" alt=\"\" width=\"1024\" height=\"768\" srcset=\"https:\/\/lignesauto.fr\/wp-content\/uploads\/2019\/04\/P90333169_highRes_the-all-new-bmw-indi-1024x768.jpg 1024w, https:\/\/lignesauto.fr\/wp-content\/uploads\/2019\/04\/P90333169_highRes_the-all-new-bmw-indi-300x225.jpg 300w, https:\/\/lignesauto.fr\/wp-content\/uploads\/2019\/04\/P90333169_highRes_the-all-new-bmw-indi-768x576.jpg 768w, https:\/\/lignesauto.fr\/wp-content\/uploads\/2019\/04\/P90333169_highRes_the-all-new-bmw-indi-370x278.jpg 370w, https:\/\/lignesauto.fr\/wp-content\/uploads\/2019\/04\/P90333169_highRes_the-all-new-bmw-indi-1040x780.jpg 1040w, https:\/\/lignesauto.fr\/wp-content\/uploads\/2019\/04\/P90333169_highRes_the-all-new-bmw-indi.jpg 1417w\" sizes=\"(max-width: 1024px) 100vw, 1024px\" \/><\/a><\/p>\n<p>En \u00e9largissant l&#8217;utilisation de mat\u00e9riaux m\u00e9t\u00e9orologiques pour les commandes \u00e0 l&#8217;int\u00e9rieur de la voiture, le design de nombreux autres \u00e9l\u00e9ments int\u00e9rieurs et ext\u00e9rieurs s&#8217;inspire d&#8217;une structure dont la forme n&#8217;existe que sur des objets extraterrestres : le motif de surface caract\u00e9ristique des m\u00e9t\u00e9orites de Widmanst\u00e4tten. La structure strictement g\u00e9om\u00e9trique, avec ses lignes droites, a l&#8217;apparence de cristaux de glace et devient visible lorsque certains types de m\u00e9t\u00e9orites de fer sont polies ou mis en contact avec des compos\u00e9s acides. La structure est le r\u00e9sultat du refroidissement de l&#8217;alliage m\u00e9tallique dans un processus extr\u00eamement lent qui ne peut \u00eatre reproduit sur Terre, ce qui en fait une signature indubitable du mat\u00e9riel extra-terrestre.<\/p>\n<p><a href=\"http:\/\/lignesauto.fr\/?attachment_id=9430\" rel=\"attachment wp-att-9430\"><img loading=\"lazy\" decoding=\"async\" class=\"alignnone wp-image-9430 size-full\" src=\"http:\/\/lignesauto.fr\/wp-content\/uploads\/2019\/04\/P90333172_lowRes_the-all-new-bmw-indi.jpg\" alt=\"\" width=\"600\" height=\"450\" srcset=\"https:\/\/lignesauto.fr\/wp-content\/uploads\/2019\/04\/P90333172_lowRes_the-all-new-bmw-indi.jpg 600w, https:\/\/lignesauto.fr\/wp-content\/uploads\/2019\/04\/P90333172_lowRes_the-all-new-bmw-indi-300x225.jpg 300w, https:\/\/lignesauto.fr\/wp-content\/uploads\/2019\/04\/P90333172_lowRes_the-all-new-bmw-indi-370x278.jpg 370w\" sizes=\"(max-width: 600px) 100vw, 600px\" \/><\/a><\/p>\n<p>La singularit\u00e9 de la structure de Widmanst\u00e4tten est le symbole de la recherche permanente de BMW Individual de solutions de design innovantes jamais vues auparavant. Visible dans la garniture de toit cousue main et sur les garnitures de finition de la console centrale, il a \u00e9galement \u00e9t\u00e9 frais\u00e9 dans les disques de frein de la M850i Night Sky. Ce motif distinctif se retrouve \u00e9galement sur les r\u00e9troviseurs ext\u00e9rieurs, les prises d&#8217;air lat\u00e9rales \u00e0 l&#8217;avant. Ces composants ext\u00e9rieurs ont tous \u00e9t\u00e9 fabriqu\u00e9s individuellement selon le proc\u00e9d\u00e9 d&#8217;impression 3D.<\/p>\n<p><a href=\"http:\/\/lignesauto.fr\/?attachment_id=9435\" rel=\"attachment wp-att-9435\"><img loading=\"lazy\" decoding=\"async\" class=\"alignnone wp-image-9435 size-large\" src=\"http:\/\/lignesauto.fr\/wp-content\/uploads\/2019\/04\/P90333165_highRes_the-all-new-bmw-indi-1024x768.jpg\" alt=\"\" width=\"1024\" height=\"768\" srcset=\"https:\/\/lignesauto.fr\/wp-content\/uploads\/2019\/04\/P90333165_highRes_the-all-new-bmw-indi-1024x768.jpg 1024w, https:\/\/lignesauto.fr\/wp-content\/uploads\/2019\/04\/P90333165_highRes_the-all-new-bmw-indi-300x225.jpg 300w, https:\/\/lignesauto.fr\/wp-content\/uploads\/2019\/04\/P90333165_highRes_the-all-new-bmw-indi-768x576.jpg 768w, https:\/\/lignesauto.fr\/wp-content\/uploads\/2019\/04\/P90333165_highRes_the-all-new-bmw-indi-370x278.jpg 370w, https:\/\/lignesauto.fr\/wp-content\/uploads\/2019\/04\/P90333165_highRes_the-all-new-bmw-indi-1040x780.jpg 1040w, https:\/\/lignesauto.fr\/wp-content\/uploads\/2019\/04\/P90333165_highRes_the-all-new-bmw-indi.jpg 1417w\" sizes=\"(max-width: 1024px) 100vw, 1024px\" \/><\/a><\/p>\n<p>Le m\u00eame proc\u00e9d\u00e9 de fabrication 3D \u00ab\u00a0additive\u00a0\u00bb (*) est utilis\u00e9 pour la fabrication des \u00e9triers de frein en aluminium qui sont jusqu&#8217;\u00e0 30 % plus l\u00e9gers que les composants fabriqu\u00e9s selon les m\u00e9thodes classiques.<\/p>\n<p><a href=\"http:\/\/lignesauto.fr\/?attachment_id=9427\" rel=\"attachment wp-att-9427\"><img loading=\"lazy\" decoding=\"async\" class=\"alignnone wp-image-9427 size-large\" src=\"http:\/\/lignesauto.fr\/wp-content\/uploads\/2019\/04\/P90333184_highRes_the-all-new-bmw-indi-1024x684.jpg\" alt=\"\" width=\"1024\" height=\"684\" srcset=\"https:\/\/lignesauto.fr\/wp-content\/uploads\/2019\/04\/P90333184_highRes_the-all-new-bmw-indi-1024x684.jpg 1024w, https:\/\/lignesauto.fr\/wp-content\/uploads\/2019\/04\/P90333184_highRes_the-all-new-bmw-indi-300x200.jpg 300w, https:\/\/lignesauto.fr\/wp-content\/uploads\/2019\/04\/P90333184_highRes_the-all-new-bmw-indi-768x513.jpg 768w, https:\/\/lignesauto.fr\/wp-content\/uploads\/2019\/04\/P90333184_highRes_the-all-new-bmw-indi-370x247.jpg 370w, https:\/\/lignesauto.fr\/wp-content\/uploads\/2019\/04\/P90333184_highRes_the-all-new-bmw-indi-1040x695.jpg 1040w, https:\/\/lignesauto.fr\/wp-content\/uploads\/2019\/04\/P90333184_highRes_the-all-new-bmw-indi.jpg 1417w\" sizes=\"(max-width: 1024px) 100vw, 1024px\" \/><\/a><\/p>\n<p>Lors de la cr\u00e9ation des \u00e9triers de frein, il a \u00e9t\u00e9 possible de r\u00e9duire leur masse au minimum n\u00e9cessaire pour r\u00e9pondre aux exigences techniques, ce qui signifie que seul le mat\u00e9riau n\u00e9cessaire au fonctionnement des freins est utilis\u00e9.<\/p>\n<p><a href=\"http:\/\/lignesauto.fr\/?attachment_id=9428\" rel=\"attachment wp-att-9428\"><img loading=\"lazy\" decoding=\"async\" class=\"alignnone wp-image-9428 size-large\" src=\"http:\/\/lignesauto.fr\/wp-content\/uploads\/2019\/04\/P90333178_highRes_the-all-new-bmw-indi-684x1024.jpg\" alt=\"\" width=\"684\" height=\"1024\" srcset=\"https:\/\/lignesauto.fr\/wp-content\/uploads\/2019\/04\/P90333178_highRes_the-all-new-bmw-indi-684x1024.jpg 684w, https:\/\/lignesauto.fr\/wp-content\/uploads\/2019\/04\/P90333178_highRes_the-all-new-bmw-indi-200x300.jpg 200w, https:\/\/lignesauto.fr\/wp-content\/uploads\/2019\/04\/P90333178_highRes_the-all-new-bmw-indi-768x1150.jpg 768w, https:\/\/lignesauto.fr\/wp-content\/uploads\/2019\/04\/P90333178_highRes_the-all-new-bmw-indi-370x554.jpg 370w, https:\/\/lignesauto.fr\/wp-content\/uploads\/2019\/04\/P90333178_highRes_the-all-new-bmw-indi-1040x1557.jpg 1040w, https:\/\/lignesauto.fr\/wp-content\/uploads\/2019\/04\/P90333178_highRes_the-all-new-bmw-indi.jpg 1417w\" sizes=\"(max-width: 684px) 100vw, 684px\" \/><\/a><\/p>\n<p>La forme r\u00e9sultante, dont la construction imite celle des os &#8211; avec un \u00e9quilibre optimal entre la rigidit\u00e9 et le poids des composants &#8211; ne peut \u00eatre produite qu&#8217;\u00e0 l&#8217;aide d&#8217;une m\u00e9thode de fabrication additive et non d&#8217;une m\u00e9thode traditionnelle. De plus, il a \u00e9t\u00e9 possible d&#8217;int\u00e9grer les canaux de liquide de frein dans la structure des \u00e9triers de frein.<\/p>\n<p><a href=\"http:\/\/lignesauto.fr\/?attachment_id=9425\" rel=\"attachment wp-att-9425\"><img loading=\"lazy\" decoding=\"async\" class=\"alignnone wp-image-9425 size-large\" src=\"http:\/\/lignesauto.fr\/wp-content\/uploads\/2019\/04\/P90333189_highRes_the-all-new-bmw-indi-1024x684.jpg\" alt=\"\" width=\"1024\" height=\"684\" srcset=\"https:\/\/lignesauto.fr\/wp-content\/uploads\/2019\/04\/P90333189_highRes_the-all-new-bmw-indi-1024x684.jpg 1024w, https:\/\/lignesauto.fr\/wp-content\/uploads\/2019\/04\/P90333189_highRes_the-all-new-bmw-indi-300x200.jpg 300w, https:\/\/lignesauto.fr\/wp-content\/uploads\/2019\/04\/P90333189_highRes_the-all-new-bmw-indi-768x513.jpg 768w, https:\/\/lignesauto.fr\/wp-content\/uploads\/2019\/04\/P90333189_highRes_the-all-new-bmw-indi-370x247.jpg 370w, https:\/\/lignesauto.fr\/wp-content\/uploads\/2019\/04\/P90333189_highRes_the-all-new-bmw-indi-1040x695.jpg 1040w, https:\/\/lignesauto.fr\/wp-content\/uploads\/2019\/04\/P90333189_highRes_the-all-new-bmw-indi.jpg 1417w\" sizes=\"(max-width: 1024px) 100vw, 1024px\" \/><\/a><\/p>\n<p>La peinture ext\u00e9rieure de la BMW M850i Night Sky combine habilement deux teintes de couleurs\u00a0: le noir non m\u00e9tallique a \u00e9t\u00e9 utilis\u00e9 comme couleur de base. Une deuxi\u00e8me couche de bleu Saint-Marin m\u00e9tallis\u00e9 a ensuite \u00e9t\u00e9 appliqu\u00e9e avec un effet de d\u00e9gradu\u00e9 allant du bord inf\u00e9rieur de la carrosserie jusqu&#8217;au haut des passages de roue. Enfin, trois couches de vernis transparent ont \u00e9t\u00e9 appliqu\u00e9es pour donner au fini de la peinture une sensation de profondeur.<\/p>\n<p><a href=\"http:\/\/lignesauto.fr\/?attachment_id=9436\" rel=\"attachment wp-att-9436\"><img loading=\"lazy\" decoding=\"async\" class=\"alignnone wp-image-9436 size-full\" src=\"http:\/\/lignesauto.fr\/wp-content\/uploads\/2019\/04\/P90333164_lowRes_the-all-new-bmw-indi.jpg\" alt=\"\" width=\"600\" height=\"450\" srcset=\"https:\/\/lignesauto.fr\/wp-content\/uploads\/2019\/04\/P90333164_lowRes_the-all-new-bmw-indi.jpg 600w, https:\/\/lignesauto.fr\/wp-content\/uploads\/2019\/04\/P90333164_lowRes_the-all-new-bmw-indi-300x225.jpg 300w, https:\/\/lignesauto.fr\/wp-content\/uploads\/2019\/04\/P90333164_lowRes_the-all-new-bmw-indi-370x278.jpg 370w\" sizes=\"(max-width: 600px) 100vw, 600px\" \/><\/a><\/p>\n<p>La fabrication 3D est d\u00e9sormais entr\u00e9e dans l&#8217;univers automobile. En France, la future 508 Peugeot Sport d\u00e9voil\u00e9e \u00e0 Gen\u00e8ve pourrait b\u00e9n\u00e9ficier d&#8217;une calandre au design r\u00e9alisable uniquement avec cette technologie 3D. A suivre donc&#8230;<\/p>\n<p>(*) <i>\u00ab\u00a0L\u2019impression 3D est un terme synonyme de la fabrication num\u00e9rique. En r\u00e9alit\u00e9\u0301, plusieurs proc\u00e9d\u00e9s entrent dans la cat\u00e9gorie de la fabrication additive. Bien que les imprimantes 3D couramment disponibles construisent en g\u00e9n\u00e9ral des pi\u00e8ces \u00e0 l\u2019aide de plastique fondu ou d\u2019un mat\u00e9riau similaire, d\u2019autres proc\u00e9d\u00e9s de fabrication additive offrent une polyvalence bien plus \u00e9lev\u00e9e en termes de qualit\u00e9\u0301 de construction et de s\u00e9lection du mat\u00e9riau. Par exemple, une m\u00e9thode de frittage de m\u00e9tal fusionne en r\u00e9alit\u00e9\u0301 des couches de poudre pour cr\u00e9er des pi\u00e8ces m\u00e9talliques.\u00a0\u00bb\u00a0<\/i>Extrait de la collection <i>\u00ab\u00a0fabrication num\u00e9rique pour les nuls\u00a0\u00bb<\/i>de Brian Underdahl.<\/p>\n<p><a href=\"http:\/\/lignesauto.fr\/wp-content\/uploads\/2018\/10\/LOGOActus_BD.jpg\"><img loading=\"lazy\" decoding=\"async\" class=\"alignnone size-medium wp-image-4921\" src=\"http:\/\/lignesauto.fr\/wp-content\/uploads\/2018\/10\/LOGOActus_BD-300x108.jpg\" alt=\"\" width=\"300\" height=\"108\" srcset=\"https:\/\/lignesauto.fr\/wp-content\/uploads\/2018\/10\/LOGOActus_BD-300x108.jpg 300w, https:\/\/lignesauto.fr\/wp-content\/uploads\/2018\/10\/LOGOActus_BD-768x276.jpg 768w, https:\/\/lignesauto.fr\/wp-content\/uploads\/2018\/10\/LOGOActus_BD-1024x367.jpg 1024w, https:\/\/lignesauto.fr\/wp-content\/uploads\/2018\/10\/LOGOActus_BD-370x133.jpg 370w, https:\/\/lignesauto.fr\/wp-content\/uploads\/2018\/10\/LOGOActus_BD-1040x373.jpg 1040w, https:\/\/lignesauto.fr\/wp-content\/uploads\/2018\/10\/LOGOActus_BD.jpg 1240w\" sizes=\"(max-width: 300px) 100vw, 300px\" \/><\/a><\/p>\n","protected":false},"excerpt":{"rendered":"<p>Depuis plus de 25 ans, BMW Individual \u00e0 Garching, pr\u00e8s de Munich, propose des mod\u00e8les sp\u00e9ciaux dot\u00e9s d&#8217;un design tr\u00e8s distinctif et enrichis des mat\u00e9riaux les plus pr\u00e9cieux. BMW Individual a ouvert une nouvelle dimension avec la BMW Individual M850i xDrive Coup\u00e9 Night Sky pr\u00e9sent\u00e9e alors que notre plan\u00e8te a [&hellip;]<\/p>\n","protected":false},"author":1,"featured_media":9434,"comment_status":"open","ping_status":"open","sticky":false,"template":"","format":"standard","meta":{"footnotes":""},"categories":[1],"tags":[],"_links":{"self":[{"href":"https:\/\/lignesauto.fr\/index.php?rest_route=\/wp\/v2\/posts\/9424"}],"collection":[{"href":"https:\/\/lignesauto.fr\/index.php?rest_route=\/wp\/v2\/posts"}],"about":[{"href":"https:\/\/lignesauto.fr\/index.php?rest_route=\/wp\/v2\/types\/post"}],"author":[{"embeddable":true,"href":"https:\/\/lignesauto.fr\/index.php?rest_route=\/wp\/v2\/users\/1"}],"replies":[{"embeddable":true,"href":"https:\/\/lignesauto.fr\/index.php?rest_route=%2Fwp%2Fv2%2Fcomments&post=9424"}],"version-history":[{"count":9,"href":"https:\/\/lignesauto.fr\/index.php?rest_route=\/wp\/v2\/posts\/9424\/revisions"}],"predecessor-version":[{"id":9447,"href":"https:\/\/lignesauto.fr\/index.php?rest_route=\/wp\/v2\/posts\/9424\/revisions\/9447"}],"wp:featuredmedia":[{"embeddable":true,"href":"https:\/\/lignesauto.fr\/index.php?rest_route=\/wp\/v2\/media\/9434"}],"wp:attachment":[{"href":"https:\/\/lignesauto.fr\/index.php?rest_route=%2Fwp%2Fv2%2Fmedia&parent=9424"}],"wp:term":[{"taxonomy":"category","embeddable":true,"href":"https:\/\/lignesauto.fr\/index.php?rest_route=%2Fwp%2Fv2%2Fcategories&post=9424"},{"taxonomy":"post_tag","embeddable":true,"href":"https:\/\/lignesauto.fr\/index.php?rest_route=%2Fwp%2Fv2%2Ftags&post=9424"}],"curies":[{"name":"wp","href":"https:\/\/api.w.org\/{rel}","templated":true}]}}