{"id":9466,"date":"2019-09-02T10:00:03","date_gmt":"2019-09-02T08:00:03","guid":{"rendered":"http:\/\/lignesauto.fr\/?p=9466"},"modified":"2019-09-02T08:11:52","modified_gmt":"2019-09-02T06:11:52","slug":"kangoo-2020-frendzy-2011-le-match-des-photos","status":"publish","type":"post","link":"https:\/\/lignesauto.fr\/?p=9466","title":{"rendered":"Kangoo 2020 &#8211; Frendzy 2011 : le match des photos"},"content":{"rendered":"<p><a href=\"http:\/\/lignesauto.fr\/wp-content\/uploads\/2018\/10\/LOGOActus_BD.jpg\"><img loading=\"lazy\" decoding=\"async\" class=\"alignnone size-medium wp-image-4921\" src=\"http:\/\/lignesauto.fr\/wp-content\/uploads\/2018\/10\/LOGOActus_BD-300x108.jpg\" alt=\"\" width=\"300\" height=\"108\" srcset=\"https:\/\/lignesauto.fr\/wp-content\/uploads\/2018\/10\/LOGOActus_BD-300x108.jpg 300w, https:\/\/lignesauto.fr\/wp-content\/uploads\/2018\/10\/LOGOActus_BD-768x276.jpg 768w, https:\/\/lignesauto.fr\/wp-content\/uploads\/2018\/10\/LOGOActus_BD-1024x367.jpg 1024w, https:\/\/lignesauto.fr\/wp-content\/uploads\/2018\/10\/LOGOActus_BD-370x133.jpg 370w, https:\/\/lignesauto.fr\/wp-content\/uploads\/2018\/10\/LOGOActus_BD-1040x373.jpg 1040w, https:\/\/lignesauto.fr\/wp-content\/uploads\/2018\/10\/LOGOActus_BD.jpg 1240w\" sizes=\"(max-width: 300px) 100vw, 300px\" \/><\/a><\/p>\n<p>Le projet Z27, quatri\u00e8me concept-car de la premi\u00e8re marguerite voulue par le patron du design Renault, Laurens van den Acker, appara\u00eet en juillet 2011. C&#8217;est le th\u00e8me du &#8220;travail&#8221; qui a \u00e9t\u00e9 retenu et c&#8217;est donc une vision futuriste de ce que pourrait \u00eatre alors un petit VU, afin de remplacer Kangoo : le Frendzy.&nbsp;Depuis, une seconde marguerite a vu le jour&#8230; Mais de descendant du Kangoo, rien. Rien jusqu&#8217;au 23 avril dernier avec l&#8217;apparition du show-car Kangoo ZE qui pr\u00e9figure le style du prochain petit utilitaire (et futur ludospace) de la gamme Renault qui sera commercialis\u00e9 en 2020.<\/p>\n<p><a href=\"http:\/\/lignesauto.fr\/?attachment_id=9473\" rel=\"attachment wp-att-9473\"><img loading=\"lazy\" decoding=\"async\" class=\"alignnone wp-image-9473 size-full\" src=\"http:\/\/lignesauto.fr\/wp-content\/uploads\/2019\/05\/21225133_2019_-_Gamme_V_hicules_Utilitaires_Renault.jpg\" alt=\"\" width=\"840\" height=\"521\" srcset=\"https:\/\/lignesauto.fr\/wp-content\/uploads\/2019\/05\/21225133_2019_-_Gamme_V_hicules_Utilitaires_Renault.jpg 840w, https:\/\/lignesauto.fr\/wp-content\/uploads\/2019\/05\/21225133_2019_-_Gamme_V_hicules_Utilitaires_Renault-300x186.jpg 300w, https:\/\/lignesauto.fr\/wp-content\/uploads\/2019\/05\/21225133_2019_-_Gamme_V_hicules_Utilitaires_Renault-768x476.jpg 768w, https:\/\/lignesauto.fr\/wp-content\/uploads\/2019\/05\/21225133_2019_-_Gamme_V_hicules_Utilitaires_Renault-370x229.jpg 370w\" sizes=\"(max-width: 840px) 100vw, 840px\" \/><\/a><\/p>\n<p>Ce nouveau venu qui rompt avec les codes esth\u00e9tiques de la g\u00e9n\u00e9ration actuelle de Kangoo s&#8217;est-il inspir\u00e9 du concept-car Frendzy n\u00e9 neuf ans avant sa commercialisation ?<\/p>\n<p><strong>Alors, OUI ou NON, comme on l&#8217;entend parfois, le concept-car a-t-il nourri le v\u00e9hicule de s\u00e9rie ? R\u00e9ponses en trois duos de photo :<\/strong><\/p>\n<p><a href=\"http:\/\/lignesauto.fr\/?attachment_id=9470\" rel=\"attachment wp-att-9470\"><img loading=\"lazy\" decoding=\"async\" class=\"alignnone wp-image-9470\" src=\"http:\/\/lignesauto.fr\/wp-content\/uploads\/2019\/05\/21224883_2019_-_Show-car_Kangoo_Z_E_Concept.jpg\" alt=\"\" width=\"1024\" height=\"581\" srcset=\"https:\/\/lignesauto.fr\/wp-content\/uploads\/2019\/05\/21224883_2019_-_Show-car_Kangoo_Z_E_Concept.jpg 840w, https:\/\/lignesauto.fr\/wp-content\/uploads\/2019\/05\/21224883_2019_-_Show-car_Kangoo_Z_E_Concept-300x170.jpg 300w, https:\/\/lignesauto.fr\/wp-content\/uploads\/2019\/05\/21224883_2019_-_Show-car_Kangoo_Z_E_Concept-768x436.jpg 768w, https:\/\/lignesauto.fr\/wp-content\/uploads\/2019\/05\/21224883_2019_-_Show-car_Kangoo_Z_E_Concept-370x210.jpg 370w\" sizes=\"(max-width: 1024px) 100vw, 1024px\" \/><\/a><\/p>\n<p><strong>VUE DE 3\/4 AR : la r\u00e9ponse est OUI<\/strong> : les feux repouss\u00e9s au del\u00e0 de la charni\u00e8re de porte augurent une belle accessibilit\u00e9 au volume de chargement. Les guides lumineux de ces m\u00eame feux ont \u00e9t\u00e9 conserv\u00e9s. Le volet est sculpt\u00e9 dans sa partie basse comme sur le concept. Les ailes sont muscl\u00e9es, comme sur Frendzy.<\/p>\n<p><a href=\"http:\/\/lignesauto.fr\/?attachment_id=9474\" rel=\"attachment wp-att-9474\"><img loading=\"lazy\" decoding=\"async\" class=\"alignnone wp-image-9474\" src=\"http:\/\/lignesauto.fr\/wp-content\/uploads\/2019\/05\/29048_Renault_Frendzy-1024x640.jpg\" alt=\"\" width=\"1024\" height=\"640\" srcset=\"https:\/\/lignesauto.fr\/wp-content\/uploads\/2019\/05\/29048_Renault_Frendzy-1024x640.jpg 1024w, https:\/\/lignesauto.fr\/wp-content\/uploads\/2019\/05\/29048_Renault_Frendzy-300x188.jpg 300w, https:\/\/lignesauto.fr\/wp-content\/uploads\/2019\/05\/29048_Renault_Frendzy-768x480.jpg 768w, https:\/\/lignesauto.fr\/wp-content\/uploads\/2019\/05\/29048_Renault_Frendzy-370x231.jpg 370w, https:\/\/lignesauto.fr\/wp-content\/uploads\/2019\/05\/29048_Renault_Frendzy-1040x650.jpg 1040w, https:\/\/lignesauto.fr\/wp-content\/uploads\/2019\/05\/29048_Renault_Frendzy.jpg 1134w\" sizes=\"(max-width: 1024px) 100vw, 1024px\" \/><\/a><\/p>\n<p>&nbsp;<\/p>\n<p><a href=\"http:\/\/lignesauto.fr\/?attachment_id=9462\" rel=\"attachment wp-att-9462\"><img loading=\"lazy\" decoding=\"async\" class=\"alignnone wp-image-9462\" src=\"http:\/\/lignesauto.fr\/wp-content\/uploads\/2019\/05\/21224879_2019_-_Show-car_Kangoo_Z_E_Concept.jpg\" alt=\"\" width=\"1024\" height=\"577\" srcset=\"https:\/\/lignesauto.fr\/wp-content\/uploads\/2019\/05\/21224879_2019_-_Show-car_Kangoo_Z_E_Concept.jpg 840w, https:\/\/lignesauto.fr\/wp-content\/uploads\/2019\/05\/21224879_2019_-_Show-car_Kangoo_Z_E_Concept-300x169.jpg 300w, https:\/\/lignesauto.fr\/wp-content\/uploads\/2019\/05\/21224879_2019_-_Show-car_Kangoo_Z_E_Concept-768x432.jpg 768w, https:\/\/lignesauto.fr\/wp-content\/uploads\/2019\/05\/21224879_2019_-_Show-car_Kangoo_Z_E_Concept-370x208.jpg 370w\" sizes=\"(max-width: 1024px) 100vw, 1024px\" \/><\/a><\/p>\n<p><strong>VUE EN ELEVATION : la r\u00e9ponse est NON :<\/strong> le concept-car de 2011 reposait sur une structure monocorps avec un pare-brise dans le prolongement du capot. Cette solution n&#8217;a pas pu \u00eatre r\u00e9interpr\u00e9t\u00e9e sur le v\u00e9hicule de s\u00e9rie car la plateforme ne s&#8217;y pr\u00eate pas. Toutefois, on retrouve les flancs sculpt\u00e9s et l&#8217;avanc\u00e9e lat\u00e9rale des dessins des feux arri\u00e8re sur le v\u00e9hicule de s\u00e9rie.<\/p>\n<p><a href=\"http:\/\/lignesauto.fr\/?attachment_id=9480\" rel=\"attachment wp-att-9480\"><img loading=\"lazy\" decoding=\"async\" class=\"alignnone wp-image-9480 size-large\" src=\"http:\/\/lignesauto.fr\/wp-content\/uploads\/2019\/05\/29053_Renault_Frendzy-1024x640.jpg\" alt=\"\" width=\"1024\" height=\"640\" srcset=\"https:\/\/lignesauto.fr\/wp-content\/uploads\/2019\/05\/29053_Renault_Frendzy-1024x640.jpg 1024w, https:\/\/lignesauto.fr\/wp-content\/uploads\/2019\/05\/29053_Renault_Frendzy-300x188.jpg 300w, https:\/\/lignesauto.fr\/wp-content\/uploads\/2019\/05\/29053_Renault_Frendzy-768x480.jpg 768w, https:\/\/lignesauto.fr\/wp-content\/uploads\/2019\/05\/29053_Renault_Frendzy-370x231.jpg 370w, https:\/\/lignesauto.fr\/wp-content\/uploads\/2019\/05\/29053_Renault_Frendzy-1040x650.jpg 1040w, https:\/\/lignesauto.fr\/wp-content\/uploads\/2019\/05\/29053_Renault_Frendzy.jpg 1134w\" sizes=\"(max-width: 1024px) 100vw, 1024px\" \/><\/a><\/p>\n<p><a href=\"http:\/\/lignesauto.fr\/?attachment_id=9471\" rel=\"attachment wp-att-9471\"><img loading=\"lazy\" decoding=\"async\" class=\"alignnone wp-image-9471\" src=\"http:\/\/lignesauto.fr\/wp-content\/uploads\/2019\/05\/21224886_2019_-_Show-car_Kangoo_Z_E_Concept.jpg\" alt=\"\" width=\"1024\" height=\"578\" srcset=\"https:\/\/lignesauto.fr\/wp-content\/uploads\/2019\/05\/21224886_2019_-_Show-car_Kangoo_Z_E_Concept.jpg 840w, https:\/\/lignesauto.fr\/wp-content\/uploads\/2019\/05\/21224886_2019_-_Show-car_Kangoo_Z_E_Concept-300x169.jpg 300w, https:\/\/lignesauto.fr\/wp-content\/uploads\/2019\/05\/21224886_2019_-_Show-car_Kangoo_Z_E_Concept-768x433.jpg 768w, https:\/\/lignesauto.fr\/wp-content\/uploads\/2019\/05\/21224886_2019_-_Show-car_Kangoo_Z_E_Concept-370x209.jpg 370w\" sizes=\"(max-width: 1024px) 100vw, 1024px\" \/><\/a><\/p>\n<p><strong>VUE DE 3\/4 AV : la r\u00e9ponse est OUI<\/strong> : une r\u00e9ponse positive si l&#8217;on se contente d&#8217;analyser l&#8217;identit\u00e9 faciale qui \u00e9tait d\u00e9j\u00e0 bien pr\u00e9sente sur Frendzy. Elle est int\u00e9gralement reprise sur le Kangoo de 2020 mais pour le reste, la souplesse des volumes du concept-car a \u00e9t\u00e9 rendue plus agressive car nettement plus marqu\u00e9e par des lignes de carre sur le v\u00e9hicule de s\u00e9rie.<\/p>\n<p><a href=\"http:\/\/lignesauto.fr\/?attachment_id=9475\" rel=\"attachment wp-att-9475\"><img loading=\"lazy\" decoding=\"async\" class=\"alignnone wp-image-9475 size-large\" src=\"http:\/\/lignesauto.fr\/wp-content\/uploads\/2019\/05\/29051_Renault_Frendzy-1024x639.jpg\" alt=\"\" width=\"1024\" height=\"639\" srcset=\"https:\/\/lignesauto.fr\/wp-content\/uploads\/2019\/05\/29051_Renault_Frendzy-1024x639.jpg 1024w, https:\/\/lignesauto.fr\/wp-content\/uploads\/2019\/05\/29051_Renault_Frendzy-300x187.jpg 300w, https:\/\/lignesauto.fr\/wp-content\/uploads\/2019\/05\/29051_Renault_Frendzy-768x479.jpg 768w, https:\/\/lignesauto.fr\/wp-content\/uploads\/2019\/05\/29051_Renault_Frendzy-370x231.jpg 370w, https:\/\/lignesauto.fr\/wp-content\/uploads\/2019\/05\/29051_Renault_Frendzy-1040x649.jpg 1040w, https:\/\/lignesauto.fr\/wp-content\/uploads\/2019\/05\/29051_Renault_Frendzy.jpg 1134w\" sizes=\"(max-width: 1024px) 100vw, 1024px\" \/><\/a><\/p>\n<p>&nbsp;<\/p>\n<p><a href=\"http:\/\/lignesauto.fr\/wp-content\/uploads\/2018\/10\/LOGOActus_BD.jpg\"><img loading=\"lazy\" decoding=\"async\" class=\"alignnone size-medium wp-image-4921\" src=\"http:\/\/lignesauto.fr\/wp-content\/uploads\/2018\/10\/LOGOActus_BD-300x108.jpg\" alt=\"\" width=\"300\" height=\"108\" srcset=\"https:\/\/lignesauto.fr\/wp-content\/uploads\/2018\/10\/LOGOActus_BD-300x108.jpg 300w, https:\/\/lignesauto.fr\/wp-content\/uploads\/2018\/10\/LOGOActus_BD-768x276.jpg 768w, https:\/\/lignesauto.fr\/wp-content\/uploads\/2018\/10\/LOGOActus_BD-1024x367.jpg 1024w, https:\/\/lignesauto.fr\/wp-content\/uploads\/2018\/10\/LOGOActus_BD-370x133.jpg 370w, https:\/\/lignesauto.fr\/wp-content\/uploads\/2018\/10\/LOGOActus_BD-1040x373.jpg 1040w, https:\/\/lignesauto.fr\/wp-content\/uploads\/2018\/10\/LOGOActus_BD.jpg 1240w\" sizes=\"(max-width: 300px) 100vw, 300px\" \/><\/a><\/p>\n","protected":false},"excerpt":{"rendered":"<p>Le projet Z27, quatri\u00e8me concept-car de la premi\u00e8re marguerite voulue par le patron du design Renault, Laurens van den Acker, appara\u00eet en juillet 2011. C&#8217;est le th\u00e8me du &#8220;travail&#8221; qui a \u00e9t\u00e9 retenu et c&#8217;est donc une vision futuriste de ce que pourrait \u00eatre alors un petit VU, afin de [&hellip;]<\/p>\n","protected":false},"author":1,"featured_media":9469,"comment_status":"open","ping_status":"open","sticky":false,"template":"","format":"standard","meta":{"footnotes":""},"categories":[1],"tags":[],"_links":{"self":[{"href":"https:\/\/lignesauto.fr\/index.php?rest_route=\/wp\/v2\/posts\/9466"}],"collection":[{"href":"https:\/\/lignesauto.fr\/index.php?rest_route=\/wp\/v2\/posts"}],"about":[{"href":"https:\/\/lignesauto.fr\/index.php?rest_route=\/wp\/v2\/types\/post"}],"author":[{"embeddable":true,"href":"https:\/\/lignesauto.fr\/index.php?rest_route=\/wp\/v2\/users\/1"}],"replies":[{"embeddable":true,"href":"https:\/\/lignesauto.fr\/index.php?rest_route=%2Fwp%2Fv2%2Fcomments&post=9466"}],"version-history":[{"count":9,"href":"https:\/\/lignesauto.fr\/index.php?rest_route=\/wp\/v2\/posts\/9466\/revisions"}],"predecessor-version":[{"id":12819,"href":"https:\/\/lignesauto.fr\/index.php?rest_route=\/wp\/v2\/posts\/9466\/revisions\/12819"}],"wp:featuredmedia":[{"embeddable":true,"href":"https:\/\/lignesauto.fr\/index.php?rest_route=\/wp\/v2\/media\/9469"}],"wp:attachment":[{"href":"https:\/\/lignesauto.fr\/index.php?rest_route=%2Fwp%2Fv2%2Fmedia&parent=9466"}],"wp:term":[{"taxonomy":"category","embeddable":true,"href":"https:\/\/lignesauto.fr\/index.php?rest_route=%2Fwp%2Fv2%2Fcategories&post=9466"},{"taxonomy":"post_tag","embeddable":true,"href":"https:\/\/lignesauto.fr\/index.php?rest_route=%2Fwp%2Fv2%2Ftags&post=9466"}],"curies":[{"name":"wp","href":"https:\/\/api.w.org\/{rel}","templated":true}]}}