{"id":9512,"date":"2019-05-13T14:00:09","date_gmt":"2019-05-13T12:00:09","guid":{"rendered":"http:\/\/lignesauto.fr\/?p=9512"},"modified":"2019-05-13T21:57:24","modified_gmt":"2019-05-13T19:57:24","slug":"concept-car-du-centenaire-citroen-19_19-linterview-de-son-designer-exter","status":"publish","type":"post","link":"https:\/\/lignesauto.fr\/?p=9512","title":{"rendered":"Concept-car du centenaire  : Citro\u00ebn 19_19, l&#8217;interview de son designer &#8220;exter&#8221;"},"content":{"rendered":"<p><a href=\"http:\/\/lignesauto.fr\/wp-content\/uploads\/2018\/10\/LOGOActus_BD.jpg\"><img loading=\"lazy\" decoding=\"async\" class=\"alignnone size-medium wp-image-4921\" src=\"http:\/\/lignesauto.fr\/wp-content\/uploads\/2018\/10\/LOGOActus_BD-300x108.jpg\" alt=\"\" width=\"300\" height=\"108\" srcset=\"https:\/\/lignesauto.fr\/wp-content\/uploads\/2018\/10\/LOGOActus_BD-300x108.jpg 300w, https:\/\/lignesauto.fr\/wp-content\/uploads\/2018\/10\/LOGOActus_BD-768x276.jpg 768w, https:\/\/lignesauto.fr\/wp-content\/uploads\/2018\/10\/LOGOActus_BD-1024x367.jpg 1024w, https:\/\/lignesauto.fr\/wp-content\/uploads\/2018\/10\/LOGOActus_BD-370x133.jpg 370w, https:\/\/lignesauto.fr\/wp-content\/uploads\/2018\/10\/LOGOActus_BD-1040x373.jpg 1040w, https:\/\/lignesauto.fr\/wp-content\/uploads\/2018\/10\/LOGOActus_BD.jpg 1240w\" sizes=\"(max-width: 300px) 100vw, 300px\" \/><\/a><\/p>\n<p><iframe loading=\"lazy\" title=\"LIGNESAUTO19 19\" width=\"640\" height=\"360\" src=\"https:\/\/www.youtube.com\/embed\/NzsgM0lX9p8?feature=oembed\" frameborder=\"0\" allow=\"accelerometer; autoplay; clipboard-write; encrypted-media; gyroscope; picture-in-picture; web-share\" referrerpolicy=\"strict-origin-when-cross-origin\" allowfullscreen><\/iframe><\/p>\n<p>Est-ce une voiture\u00a0? Un avion\u00a0? Une soucoupe\u00a0? Le concept-car Citro\u00ebn 19_19 tient du \u00ab\u00a0dream-car\u00a0\u00bb. Cette d\u00e9flagration dans l&#8217;univers automobile s\u2019affranchit des codes habituels pour magnifier le confort, la technologie et l\u2019audace stylistique d\u2019une jeune marque centenaire.<\/p>\n<p><a href=\"http:\/\/lignesauto.fr\/?attachment_id=9721\" rel=\"attachment wp-att-9721\"><img loading=\"lazy\" decoding=\"async\" class=\"alignnone wp-image-9721 size-large\" src=\"http:\/\/lignesauto.fr\/wp-content\/uploads\/2019\/05\/Capture-d\u2019\u00e9cran-2019-05-09-\u00e0-21.25.08-1024x661.png\" alt=\"\" width=\"1024\" height=\"661\" srcset=\"https:\/\/lignesauto.fr\/wp-content\/uploads\/2019\/05\/Capture-d\u2019\u00e9cran-2019-05-09-\u00e0-21.25.08-1024x661.png 1024w, https:\/\/lignesauto.fr\/wp-content\/uploads\/2019\/05\/Capture-d\u2019\u00e9cran-2019-05-09-\u00e0-21.25.08-300x194.png 300w, https:\/\/lignesauto.fr\/wp-content\/uploads\/2019\/05\/Capture-d\u2019\u00e9cran-2019-05-09-\u00e0-21.25.08-768x496.png 768w, https:\/\/lignesauto.fr\/wp-content\/uploads\/2019\/05\/Capture-d\u2019\u00e9cran-2019-05-09-\u00e0-21.25.08-370x239.png 370w, https:\/\/lignesauto.fr\/wp-content\/uploads\/2019\/05\/Capture-d\u2019\u00e9cran-2019-05-09-\u00e0-21.25.08-1040x671.png 1040w, https:\/\/lignesauto.fr\/wp-content\/uploads\/2019\/05\/Capture-d\u2019\u00e9cran-2019-05-09-\u00e0-21.25.08.png 1371w\" sizes=\"(max-width: 1024px) 100vw, 1024px\" \/><\/a><\/p>\n<p>Si Fr\u00e9d\u00e9ric Duvernier a g\u00e9r\u00e9 le projet car il est le responsable des concept-cars Citro\u00ebn, c&#8217;est Romain Gauvin (ci-dessous) qui a remport\u00e9 le concours de design pour ce concept-car pas comme les autres, d\u00e9voil\u00e9 le 13 mai 2019.<\/p>\n<p><a href=\"http:\/\/lignesauto.fr\/?attachment_id=9539\" rel=\"attachment wp-att-9539\"><img loading=\"lazy\" decoding=\"async\" class=\"alignnone wp-image-9539 size-large\" src=\"http:\/\/lignesauto.fr\/wp-content\/uploads\/2019\/05\/LIGNES19_10-1024x533.jpg\" alt=\"\" width=\"1024\" height=\"533\" srcset=\"https:\/\/lignesauto.fr\/wp-content\/uploads\/2019\/05\/LIGNES19_10-1024x533.jpg 1024w, https:\/\/lignesauto.fr\/wp-content\/uploads\/2019\/05\/LIGNES19_10-300x156.jpg 300w, https:\/\/lignesauto.fr\/wp-content\/uploads\/2019\/05\/LIGNES19_10-768x399.jpg 768w, https:\/\/lignesauto.fr\/wp-content\/uploads\/2019\/05\/LIGNES19_10-370x192.jpg 370w, https:\/\/lignesauto.fr\/wp-content\/uploads\/2019\/05\/LIGNES19_10-1040x541.jpg 1040w, https:\/\/lignesauto.fr\/wp-content\/uploads\/2019\/05\/LIGNES19_10.jpg 1417w\" sizes=\"(max-width: 1024px) 100vw, 1024px\" \/><\/a><\/p>\n<p><strong>LIGNES\/auto : Avant d&#8217;aborder le th\u00e8me et la gen\u00e8se de cet important concept-car dans l&#8217;histoire de Citro\u00ebn, je vais m&#8217;arr\u00eater sur un \u00e9l\u00e9ment de style\u00a0parmi\u00a0tant d&#8217;autres : \u00e0 quoi servent ces embases lat\u00e9rales, \u00e0 accueillir des ailes d&#8217;avion ?!<\/strong><br \/>\nRomain Gauvin :\u00a0<em>\u00ab\u00a0Oui, on pourrait imaginer la naissance d\u2019ailes sur ces \u00e9l\u00e9ments&#8230; On peut r\u00eaver\u00a0! \u00a0Le concept est fortement influenc\u00e9 par l&#8217;univers a\u00e9ronautique.\u00bb<\/em><\/p>\n<p><a href=\"http:\/\/lignesauto.fr\/?attachment_id=9544\" rel=\"attachment wp-att-9544\"><img loading=\"lazy\" decoding=\"async\" class=\"alignnone wp-image-9544 size-large\" src=\"http:\/\/lignesauto.fr\/wp-content\/uploads\/2019\/05\/LIGNES19_15-1024x526.png\" alt=\"\" width=\"1024\" height=\"526\" srcset=\"https:\/\/lignesauto.fr\/wp-content\/uploads\/2019\/05\/LIGNES19_15-1024x526.png 1024w, https:\/\/lignesauto.fr\/wp-content\/uploads\/2019\/05\/LIGNES19_15-300x154.png 300w, https:\/\/lignesauto.fr\/wp-content\/uploads\/2019\/05\/LIGNES19_15-768x395.png 768w, https:\/\/lignesauto.fr\/wp-content\/uploads\/2019\/05\/LIGNES19_15-370x190.png 370w, https:\/\/lignesauto.fr\/wp-content\/uploads\/2019\/05\/LIGNES19_15-1040x534.png 1040w, https:\/\/lignesauto.fr\/wp-content\/uploads\/2019\/05\/LIGNES19_15.png 1417w\" sizes=\"(max-width: 1024px) 100vw, 1024px\" \/><\/a><\/p>\n<p><strong>Bon, j&#8217;imagine que Fr\u00e9d\u00e9ric Duvernier ne vous a pas demand\u00e9 de dessiner un avion ? Quel \u00e9tait le brief de d\u00e9part ?<\/strong><br \/>\nR.G. : \u00ab Ce concept-car, c&#8217;est le g\u00e2teau d&#8217;anniversaire, celui qui c\u00e9l\u00e8bre le centenaire de la marque. Il fallait voir loin et on se projette en 2030. C\u00f4t\u00e9 gabarit, nous avions celui d\u2019un C5 Aircross. 19_19 fait environ 4,65 m de longueur.\u00a0\u00c9videmment, la voiture est 100% \u00e9lectrique(1), mais pas seulement une voiture dans laquelle on peut dormir. Au contraire, sa transparence permet aux passagers de baigner dans le paysage\u00a0!\u00a0\u00bb<\/p>\n<p><em>(1) Deux moteurs, un \u00e0 l&#8217;AV, l&#8217;autre \u00e0 l&#8217;arri\u00e8re. Batteries de 100 kWh, 800 km d&#8217;autonomie, recharge par induction, 800 Nm, 340 kW, 200 km\/h en vitesse de pointe<\/em><\/p>\n<p><a href=\"http:\/\/lignesauto.fr\/?attachment_id=9867\" rel=\"attachment wp-att-9867\"><img loading=\"lazy\" decoding=\"async\" class=\"alignnone wp-image-9867 size-large\" src=\"http:\/\/lignesauto.fr\/wp-content\/uploads\/2019\/05\/LIGNESZB19_19-1024x512.jpg\" alt=\"\" width=\"1024\" height=\"512\" srcset=\"https:\/\/lignesauto.fr\/wp-content\/uploads\/2019\/05\/LIGNESZB19_19-1024x512.jpg 1024w, https:\/\/lignesauto.fr\/wp-content\/uploads\/2019\/05\/LIGNESZB19_19-300x150.jpg 300w, https:\/\/lignesauto.fr\/wp-content\/uploads\/2019\/05\/LIGNESZB19_19-768x384.jpg 768w, https:\/\/lignesauto.fr\/wp-content\/uploads\/2019\/05\/LIGNESZB19_19-370x185.jpg 370w, https:\/\/lignesauto.fr\/wp-content\/uploads\/2019\/05\/LIGNESZB19_19-1040x520.jpg 1040w, https:\/\/lignesauto.fr\/wp-content\/uploads\/2019\/05\/LIGNESZB19_19.jpg 1701w\" sizes=\"(max-width: 1024px) 100vw, 1024px\" \/><\/a><\/p>\n<p><strong>Devant la page blanche pour ce dessin qui va un peu changer votre vie, il se passe quoi ?<\/strong><br \/>\nR.G. :\u00a0\u00ab\u00a0Au moment des premiers coups de crayon, c\u2019est un peu la temp\u00eate dans mon cr\u00e2ne car, pour moi, Citro\u00ebn, ce ne sont que des voitures iconiques\u00a0! Prenez la SM, c\u2019est une soucoupe volante sur la route.\u00bb<\/p>\n<p><a href=\"http:\/\/lignesauto.fr\/?attachment_id=9531\" rel=\"attachment wp-att-9531\"><img loading=\"lazy\" decoding=\"async\" class=\"alignnone wp-image-9531 size-large\" src=\"http:\/\/lignesauto.fr\/wp-content\/uploads\/2019\/05\/LIGNES19_02-1024x556.png\" alt=\"\" width=\"1024\" height=\"556\" srcset=\"https:\/\/lignesauto.fr\/wp-content\/uploads\/2019\/05\/LIGNES19_02-1024x556.png 1024w, https:\/\/lignesauto.fr\/wp-content\/uploads\/2019\/05\/LIGNES19_02-300x163.png 300w, https:\/\/lignesauto.fr\/wp-content\/uploads\/2019\/05\/LIGNES19_02-768x417.png 768w, https:\/\/lignesauto.fr\/wp-content\/uploads\/2019\/05\/LIGNES19_02-370x201.png 370w, https:\/\/lignesauto.fr\/wp-content\/uploads\/2019\/05\/LIGNES19_02-1040x565.png 1040w, https:\/\/lignesauto.fr\/wp-content\/uploads\/2019\/05\/LIGNES19_02.png 1254w\" sizes=\"(max-width: 1024px) 100vw, 1024px\" \/><\/a><br \/>\n<em>Le logo ail\u00e9 qui s&#8217;\u00e9vase en forme de &#8220;Y &#8221; reprend l&#8217;identit\u00e9 n\u00e9e avec CXperience, mais il int\u00e8gre les LED et finalise le capot avant dans sa partie sup\u00e9rieure, et l&#8217;aileron frontal dans sa partie inf\u00e9rieure. Cette derni\u00e8re accueille les alertes lumineuses, comme les clignotants (ci-dessous).<\/em><\/p>\n<p><a href=\"http:\/\/lignesauto.fr\/?attachment_id=9765\" rel=\"attachment wp-att-9765\"><img loading=\"lazy\" decoding=\"async\" class=\"alignnone wp-image-9765 size-large\" src=\"http:\/\/lignesauto.fr\/wp-content\/uploads\/2019\/05\/Capture-d\u2019\u00e9cran-2019-05-10-\u00e0-07.45.55-1024x568.png\" alt=\"\" width=\"1024\" height=\"568\" srcset=\"https:\/\/lignesauto.fr\/wp-content\/uploads\/2019\/05\/Capture-d\u2019\u00e9cran-2019-05-10-\u00e0-07.45.55-1024x568.png 1024w, https:\/\/lignesauto.fr\/wp-content\/uploads\/2019\/05\/Capture-d\u2019\u00e9cran-2019-05-10-\u00e0-07.45.55-300x166.png 300w, https:\/\/lignesauto.fr\/wp-content\/uploads\/2019\/05\/Capture-d\u2019\u00e9cran-2019-05-10-\u00e0-07.45.55-768x426.png 768w, https:\/\/lignesauto.fr\/wp-content\/uploads\/2019\/05\/Capture-d\u2019\u00e9cran-2019-05-10-\u00e0-07.45.55-370x205.png 370w, https:\/\/lignesauto.fr\/wp-content\/uploads\/2019\/05\/Capture-d\u2019\u00e9cran-2019-05-10-\u00e0-07.45.55-1040x577.png 1040w, https:\/\/lignesauto.fr\/wp-content\/uploads\/2019\/05\/Capture-d\u2019\u00e9cran-2019-05-10-\u00e0-07.45.55.png 1314w\" sizes=\"(max-width: 1024px) 100vw, 1024px\" \/><\/a><\/p>\n<p><strong>Pas de r\u00e9tro-design pour ce concept-car cependant ?<\/strong><br \/>\nR.G. : &#8220;il n&#8217;en \u00e9tait pas question, l&#8217;entreprise m\u00eame \u00e0 cent ans est tourn\u00e9e vers l&#8217;avenir !&#8221;<\/p>\n<p><strong>Comment trouvez-vous ce th\u00e8me de la soucoupe roulante ?<\/strong><br \/>\nR.G. : &#8220;je dessine tout d\u2019abord une ellipse au-dessus de la route, comme un nuage cotonneux. Pour moi, c&#8217;est l&#8217;image que je me fais du confort Citro\u00ebn. La voiture semble voler au dessus de la route\u00a0dans un grand confort&#8230; C&#8217;est l&#8217;image du &#8216;tapis volant&#8217; ! Je cr\u00e9e cette esp\u00e8ce de goutte d\u2019eau et je ne vais pas beaucoup plus loin car je tiens mon th\u00e8me.\u00a0\u00bb<\/p>\n<p><a href=\"http:\/\/lignesauto.fr\/?attachment_id=9866\" rel=\"attachment wp-att-9866\"><img loading=\"lazy\" decoding=\"async\" class=\"wp-image-9866 size-large\" src=\"http:\/\/lignesauto.fr\/wp-content\/uploads\/2019\/05\/LIGNESZA19_19-1024x540.jpg\" alt=\"\" width=\"1024\" height=\"540\" srcset=\"https:\/\/lignesauto.fr\/wp-content\/uploads\/2019\/05\/LIGNESZA19_19-1024x540.jpg 1024w, https:\/\/lignesauto.fr\/wp-content\/uploads\/2019\/05\/LIGNESZA19_19-300x158.jpg 300w, https:\/\/lignesauto.fr\/wp-content\/uploads\/2019\/05\/LIGNESZA19_19-768x405.jpg 768w, https:\/\/lignesauto.fr\/wp-content\/uploads\/2019\/05\/LIGNESZA19_19-370x195.jpg 370w, https:\/\/lignesauto.fr\/wp-content\/uploads\/2019\/05\/LIGNESZA19_19-1040x548.jpg 1040w, https:\/\/lignesauto.fr\/wp-content\/uploads\/2019\/05\/LIGNESZA19_19.jpg 1417w\" sizes=\"(max-width: 1024px) 100vw, 1024px\" \/><\/a><\/p>\n<p><strong style=\"font-size: 16px;\">Une soucoupe dont l&#8217;habitacle reste haut perch\u00e9 !<br \/>\n<\/strong><em>R.G. : <\/em>\u00ab\u00a0Les clients aiment bien \u00eatre assis haut, voir loin pour plus de s\u00fbret\u00e9. Mais on peut concevoir une voiture sur\u00e9lev\u00e9e sans pour autant dessiner un SUV\u00a0!&#8221;<\/p>\n<p><strong>Vous faites aussi allusion \u00e0 l&#8217;a\u00e9rodynamique gr\u00e2ce \u00e0 ce concept.<br \/>\n<\/strong>R.G. :\u00a0\u00ab\u00a0On peut effectivement cr\u00e9er des flux inf\u00e9rieurs. Ensuite, il faut bien accrocher les quatre roues \u00e0 cette cellule habitable. Entre ces deux \u00e9l\u00e9ments (capsule et roues), je viens dessiner des suspensions que l\u2019on met en avant par un dessin tr\u00e8s technique. \u00bb<\/p>\n<p><a href=\"http:\/\/lignesauto.fr\/?attachment_id=9869\" rel=\"attachment wp-att-9869\"><img loading=\"lazy\" decoding=\"async\" class=\"wp-image-9869 size-large\" src=\"http:\/\/lignesauto.fr\/wp-content\/uploads\/2019\/05\/LIGNESZD19_19-1024x512.jpg\" alt=\"\" width=\"1024\" height=\"512\" srcset=\"https:\/\/lignesauto.fr\/wp-content\/uploads\/2019\/05\/LIGNESZD19_19-1024x512.jpg 1024w, https:\/\/lignesauto.fr\/wp-content\/uploads\/2019\/05\/LIGNESZD19_19-300x150.jpg 300w, https:\/\/lignesauto.fr\/wp-content\/uploads\/2019\/05\/LIGNESZD19_19-768x384.jpg 768w, https:\/\/lignesauto.fr\/wp-content\/uploads\/2019\/05\/LIGNESZD19_19-370x185.jpg 370w, https:\/\/lignesauto.fr\/wp-content\/uploads\/2019\/05\/LIGNESZD19_19-1040x520.jpg 1040w, https:\/\/lignesauto.fr\/wp-content\/uploads\/2019\/05\/LIGNESZD19_19.jpg 1701w\" sizes=\"(max-width: 1024px) 100vw, 1024px\" \/><\/a><\/p>\n<p><strong>Une soucoupe port\u00e9e par des roues incroyables (*)<\/strong><br \/>\n<em>R.G. : <\/em>\u00ab\u00a0Ces roues sont sans doute un record mondial pour une voiture, mais comme elles sont ext\u00e9rioris\u00e9es, le travail de raccord \u00e0 la cellule n\u2019est plus un travail de design automobile, il faut aller chercher dans d\u2019autres univers. C\u2019est assez pointu en conception, car il faut aussi penser aux liaisons au sol et aux g\u00e9om\u00e9tries.\u00a0\u00bb\u00a0Romain Gauvin reconna\u00eet que lorsqu\u2019il a fallu aborder le probl\u00e8me de rayon de braquage, toute l\u2019\u00e9quipe a eu quelques sueurs froides !<\/p>\n<p><em>(*) voir le post sur le partenariat avec Goodyear<\/em><\/p>\n<p><a href=\"http:\/\/lignesauto.fr\/?attachment_id=9836\" rel=\"attachment wp-att-9836\"><img loading=\"lazy\" decoding=\"async\" class=\"wp-image-9836 size-large\" src=\"http:\/\/lignesauto.fr\/wp-content\/uploads\/2019\/05\/L19_04-1024x694.jpg\" alt=\"\" width=\"1024\" height=\"694\" srcset=\"https:\/\/lignesauto.fr\/wp-content\/uploads\/2019\/05\/L19_04-1024x694.jpg 1024w, https:\/\/lignesauto.fr\/wp-content\/uploads\/2019\/05\/L19_04-300x203.jpg 300w, https:\/\/lignesauto.fr\/wp-content\/uploads\/2019\/05\/L19_04-768x520.jpg 768w, https:\/\/lignesauto.fr\/wp-content\/uploads\/2019\/05\/L19_04-370x251.jpg 370w, https:\/\/lignesauto.fr\/wp-content\/uploads\/2019\/05\/L19_04-1040x705.jpg 1040w, https:\/\/lignesauto.fr\/wp-content\/uploads\/2019\/05\/L19_04.jpg 1417w\" sizes=\"(max-width: 1024px) 100vw, 1024px\" \/><\/a><\/p>\n<p><strong style=\"font-size: 16px;\">Vous avez d\u00e9limit\u00e9 la cellule habitacle en deux zones dont l&#8217;une est recouverte d&#8217;un film&#8230;<br \/>\n<\/strong>R.G. :\u00a0\u00ab\u00a0Cette d\u00e9limitation, entre la transparence totale et celle filtr\u00e9e par le film (un d\u00e9cor multi perfor\u00e9 bleu), est venue de l\u2019habitat. Si vous poss\u00e9dez une terrasse, vous la d\u00e9limitez sans doute avec un coin au soleil et un autre \u00e0 l\u2019ombre d\u2019une pergola\u00a0! Nous avons imagin\u00e9 la m\u00eame chose avec 19_19. \u00bb<\/p>\n<p><a href=\"http:\/\/lignesauto.fr\/?attachment_id=9727\" rel=\"attachment wp-att-9727\"><img loading=\"lazy\" decoding=\"async\" class=\"alignnone wp-image-9727 size-large\" src=\"http:\/\/lignesauto.fr\/wp-content\/uploads\/2019\/05\/LIGNES19_008-1-1024x683.jpg\" alt=\"\" width=\"1024\" height=\"683\" srcset=\"https:\/\/lignesauto.fr\/wp-content\/uploads\/2019\/05\/LIGNES19_008-1-1024x683.jpg 1024w, https:\/\/lignesauto.fr\/wp-content\/uploads\/2019\/05\/LIGNES19_008-1-300x200.jpg 300w, https:\/\/lignesauto.fr\/wp-content\/uploads\/2019\/05\/LIGNES19_008-1-768x512.jpg 768w, https:\/\/lignesauto.fr\/wp-content\/uploads\/2019\/05\/LIGNES19_008-1-370x247.jpg 370w, https:\/\/lignesauto.fr\/wp-content\/uploads\/2019\/05\/LIGNES19_008-1-1040x694.jpg 1040w, https:\/\/lignesauto.fr\/wp-content\/uploads\/2019\/05\/LIGNES19_008-1.jpg 1701w\" sizes=\"(max-width: 1024px) 100vw, 1024px\" \/><\/a><br \/>\n<em>Les clins d&#8217;\u0153il aux th\u00e8mes esth\u00e9tiques et historiques de Citro\u00ebn sont nombreux, comme la lunette arri\u00e8re concave qui est apparue en 1974 sur la CX dessin\u00e9e par Robert Opron.<\/em><\/p>\n<p><strong>Cellule en forme de capsule, roues gigantesques et puis il y a les d\u00e9tails technologiques magnifi\u00e9s !<\/strong><br \/>\nR.G. :\u00a0\u00ab\u00a0J\u2019ai regroup\u00e9 tous les scanners, antennes GPS et cam\u00e9ras dans deux ilots positionn\u00e9s sur le pavillon. Je les ai trait\u00e9s de mani\u00e8re tr\u00e8s techno. Ils am\u00e8nent \u00e9galement un puit de lumi\u00e8re \u00e0 l\u2019int\u00e9rieur o\u00f9 ils d\u00e9bouchent sur deux \u00e9clairages d\u2019ambiance.\u00a0Pour ces dessins, je puise dans les domaines de la robotique, c\u2019est stimulant car on est dans une \u00e9poque charni\u00e8re o\u00f9 l\u2019on quitte le monde de l\u2019automobile traditionnelle pour arriver dans une \u00e8re technologique. Nous sommes \u00e0 un carrefour, et le centenaire arrive au c\u0153ur de cette mutation automobile\u00a0!\u00a0\u00bb<\/p>\n<p><a href=\"http:\/\/lignesauto.fr\/?attachment_id=9725\" rel=\"attachment wp-att-9725\"><img loading=\"lazy\" decoding=\"async\" class=\"alignnone wp-image-9725 size-large\" src=\"http:\/\/lignesauto.fr\/wp-content\/uploads\/2019\/05\/LIGNES19_010-1024x683.jpg\" alt=\"\" width=\"1024\" height=\"683\" srcset=\"https:\/\/lignesauto.fr\/wp-content\/uploads\/2019\/05\/LIGNES19_010-1024x683.jpg 1024w, https:\/\/lignesauto.fr\/wp-content\/uploads\/2019\/05\/LIGNES19_010-300x200.jpg 300w, https:\/\/lignesauto.fr\/wp-content\/uploads\/2019\/05\/LIGNES19_010-768x512.jpg 768w, https:\/\/lignesauto.fr\/wp-content\/uploads\/2019\/05\/LIGNES19_010-370x247.jpg 370w, https:\/\/lignesauto.fr\/wp-content\/uploads\/2019\/05\/LIGNES19_010-1040x694.jpg 1040w, https:\/\/lignesauto.fr\/wp-content\/uploads\/2019\/05\/LIGNES19_010.jpg 1701w\" sizes=\"(max-width: 1024px) 100vw, 1024px\" \/><\/a><\/p>\n<p><strong>Ei si devant cette page blanche l&#8217;ann\u00e9e derni\u00e8re, vous aviez propos\u00e9 une voiture disons&#8230; normale ?<\/strong><br \/>\n<em>R.G. : <\/em>\u00ab\u00a0si j\u2019avais pr\u00e9sent\u00e9 \u00e0 Fr\u00e9d\u00e9ric Duvernier un th\u00e8me classique pour la voiture du centenaire, il m\u2019aurait sans doute \u00e9trangl\u00e9\u00a0! Car il ne faut pas oublier qu\u2019Andr\u00e9 Citro\u00ebn explorait l\u2019avenir. L\u2019id\u00e9e \u00e9tait et reste toujours de se servir de la technologie la plus avanc\u00e9e pour la proposer au plus grand nombre.\u00a0\u00bb<\/p>\n<p>RETROUVEZ CE CONCEPT-CARS ET PRES DE 70 CONCEPTS ET PROTOTYPES D&#8217;ETUDES (ci-dessous) DANS L&#8217;OUVRAGE <strong>&#8220;CONCEPT-CARS CITRO\u00cbN&#8221;<\/strong>, PARUTION : DEBUT JUILLET. Editions BJB. SOUSCRIPTION A PRIX PREFERENTIEL (70 \u20ac au lieu de 89 \u20ac) ET SOMMAIRE ICI:\u00a0<a href=\"http:\/\/lignesauto.fr\/?p=9365\">http:\/\/lignesauto.fr\/?p=9365<\/a>\u00a0 ou\u00a0<a href=\"https:\/\/www.bjbeditions.com\">https:\/\/www.bjbeditions.com<\/a><br \/>\nBON DE SOUSCRIPTION VALABLE JUSQU&#8217;A FIN JUIN ICI :\u00a0<a href=\"http:\/\/lignesauto.fr\/?attachment_id=9413\" rel=\"attachment wp-att-9413\">souscription BJB.DEF<\/a><\/p>\n<p><a href=\"http:\/\/lignesauto.fr\/?attachment_id=9674\" rel=\"attachment wp-att-9674\"><img loading=\"lazy\" decoding=\"async\" class=\"alignnone wp-image-9674 size-large\" src=\"http:\/\/lignesauto.fr\/wp-content\/uploads\/2019\/05\/LIGNESBJB_07-1024x443.png\" alt=\"\" width=\"1024\" height=\"443\" srcset=\"https:\/\/lignesauto.fr\/wp-content\/uploads\/2019\/05\/LIGNESBJB_07-1024x443.png 1024w, https:\/\/lignesauto.fr\/wp-content\/uploads\/2019\/05\/LIGNESBJB_07-300x130.png 300w, https:\/\/lignesauto.fr\/wp-content\/uploads\/2019\/05\/LIGNESBJB_07-768x332.png 768w, https:\/\/lignesauto.fr\/wp-content\/uploads\/2019\/05\/LIGNESBJB_07-370x160.png 370w, https:\/\/lignesauto.fr\/wp-content\/uploads\/2019\/05\/LIGNESBJB_07-1040x450.png 1040w, https:\/\/lignesauto.fr\/wp-content\/uploads\/2019\/05\/LIGNESBJB_07.png 1921w\" sizes=\"(max-width: 1024px) 100vw, 1024px\" \/><\/a><\/p>\n<h3><strong>LIGNES\/auto, c&#8217;est aussi une page Facebook<\/strong><\/h3>\n<p><a href=\"https:\/\/www.facebook.com\/lignesauto\/?modal=admin_todo_tour\">https:\/\/www.facebook.com\/lignesauto\/?modal=admin_todo_tour<\/a><\/p>\n<p><a href=\"http:\/\/lignesauto.fr\/wp-content\/uploads\/2018\/10\/LOGOActus_BD.jpg\"><img loading=\"lazy\" decoding=\"async\" class=\"alignnone size-medium wp-image-4921\" src=\"http:\/\/lignesauto.fr\/wp-content\/uploads\/2018\/10\/LOGOActus_BD-300x108.jpg\" alt=\"\" width=\"300\" height=\"108\" srcset=\"https:\/\/lignesauto.fr\/wp-content\/uploads\/2018\/10\/LOGOActus_BD-300x108.jpg 300w, https:\/\/lignesauto.fr\/wp-content\/uploads\/2018\/10\/LOGOActus_BD-768x276.jpg 768w, https:\/\/lignesauto.fr\/wp-content\/uploads\/2018\/10\/LOGOActus_BD-1024x367.jpg 1024w, https:\/\/lignesauto.fr\/wp-content\/uploads\/2018\/10\/LOGOActus_BD-370x133.jpg 370w, https:\/\/lignesauto.fr\/wp-content\/uploads\/2018\/10\/LOGOActus_BD-1040x373.jpg 1040w, https:\/\/lignesauto.fr\/wp-content\/uploads\/2018\/10\/LOGOActus_BD.jpg 1240w\" sizes=\"(max-width: 300px) 100vw, 300px\" \/><\/a><\/p>\n","protected":false},"excerpt":{"rendered":"<p>Est-ce une voiture\u00a0? Un avion\u00a0? Une soucoupe\u00a0? Le concept-car Citro\u00ebn 19_19 tient du \u00ab\u00a0dream-car\u00a0\u00bb. Cette d\u00e9flagration dans l&#8217;univers automobile s\u2019affranchit des codes habituels pour magnifier le confort, la technologie et l\u2019audace stylistique d\u2019une jeune marque centenaire. Si Fr\u00e9d\u00e9ric Duvernier a g\u00e9r\u00e9 le projet car il est le responsable des concept-cars [&hellip;]<\/p>\n","protected":false},"author":1,"featured_media":9835,"comment_status":"open","ping_status":"open","sticky":false,"template":"","format":"standard","meta":{"footnotes":""},"categories":[1],"tags":[],"_links":{"self":[{"href":"https:\/\/lignesauto.fr\/index.php?rest_route=\/wp\/v2\/posts\/9512"}],"collection":[{"href":"https:\/\/lignesauto.fr\/index.php?rest_route=\/wp\/v2\/posts"}],"about":[{"href":"https:\/\/lignesauto.fr\/index.php?rest_route=\/wp\/v2\/types\/post"}],"author":[{"embeddable":true,"href":"https:\/\/lignesauto.fr\/index.php?rest_route=\/wp\/v2\/users\/1"}],"replies":[{"embeddable":true,"href":"https:\/\/lignesauto.fr\/index.php?rest_route=%2Fwp%2Fv2%2Fcomments&post=9512"}],"version-history":[{"count":47,"href":"https:\/\/lignesauto.fr\/index.php?rest_route=\/wp\/v2\/posts\/9512\/revisions"}],"predecessor-version":[{"id":9871,"href":"https:\/\/lignesauto.fr\/index.php?rest_route=\/wp\/v2\/posts\/9512\/revisions\/9871"}],"wp:featuredmedia":[{"embeddable":true,"href":"https:\/\/lignesauto.fr\/index.php?rest_route=\/wp\/v2\/media\/9835"}],"wp:attachment":[{"href":"https:\/\/lignesauto.fr\/index.php?rest_route=%2Fwp%2Fv2%2Fmedia&parent=9512"}],"wp:term":[{"taxonomy":"category","embeddable":true,"href":"https:\/\/lignesauto.fr\/index.php?rest_route=%2Fwp%2Fv2%2Fcategories&post=9512"},{"taxonomy":"post_tag","embeddable":true,"href":"https:\/\/lignesauto.fr\/index.php?rest_route=%2Fwp%2Fv2%2Ftags&post=9512"}],"curies":[{"name":"wp","href":"https:\/\/api.w.org\/{rel}","templated":true}]}}