{"id":9514,"date":"2019-05-13T14:01:20","date_gmt":"2019-05-13T12:01:20","guid":{"rendered":"http:\/\/lignesauto.fr\/?p=9514"},"modified":"2019-05-13T21:51:30","modified_gmt":"2019-05-13T19:51:30","slug":"citroen-19_19-interviews-de-ses-designers-inter","status":"publish","type":"post","link":"https:\/\/lignesauto.fr\/?p=9514","title":{"rendered":"Citro\u00ebn 19_19 : interviews de ses designers &#8220;inter&#8221;"},"content":{"rendered":"<p><a href=\"http:\/\/lignesauto.fr\/wp-content\/uploads\/2018\/10\/LOGOActus_BD.jpg\"><img loading=\"lazy\" decoding=\"async\" class=\"alignnone size-medium wp-image-4921\" src=\"http:\/\/lignesauto.fr\/wp-content\/uploads\/2018\/10\/LOGOActus_BD-300x108.jpg\" alt=\"\" width=\"300\" height=\"108\" srcset=\"https:\/\/lignesauto.fr\/wp-content\/uploads\/2018\/10\/LOGOActus_BD-300x108.jpg 300w, https:\/\/lignesauto.fr\/wp-content\/uploads\/2018\/10\/LOGOActus_BD-768x276.jpg 768w, https:\/\/lignesauto.fr\/wp-content\/uploads\/2018\/10\/LOGOActus_BD-1024x367.jpg 1024w, https:\/\/lignesauto.fr\/wp-content\/uploads\/2018\/10\/LOGOActus_BD-370x133.jpg 370w, https:\/\/lignesauto.fr\/wp-content\/uploads\/2018\/10\/LOGOActus_BD-1040x373.jpg 1040w, https:\/\/lignesauto.fr\/wp-content\/uploads\/2018\/10\/LOGOActus_BD.jpg 1240w\" sizes=\"(max-width: 300px) 100vw, 300px\" \/><\/a><\/p>\n<p>La soucoupe &#8220;violente&#8221; de Citro\u00ebn repr\u00e9sente la notion de confort sur la route. Elle est port\u00e9e par quatre roues d\u00e9mesur\u00e9es et survole les obstacles en toute s\u00e9r\u00e9nit\u00e9. Mais le confort, c&#8217;est aussi et essentiellement \u00e0 bord qu&#8217;on le vit. Et \u00e0 bord de 19_19, le choc est tout aussi fort !<\/p>\n<p><a href=\"http:\/\/lignesauto.fr\/?attachment_id=9705\" rel=\"attachment wp-att-9705\"><img loading=\"lazy\" decoding=\"async\" class=\"alignnone wp-image-9705 size-large\" src=\"http:\/\/lignesauto.fr\/wp-content\/uploads\/2019\/05\/LIGNES19_002-1024x683.jpg\" alt=\"\" width=\"1024\" height=\"683\" srcset=\"https:\/\/lignesauto.fr\/wp-content\/uploads\/2019\/05\/LIGNES19_002-1024x683.jpg 1024w, https:\/\/lignesauto.fr\/wp-content\/uploads\/2019\/05\/LIGNES19_002-300x200.jpg 300w, https:\/\/lignesauto.fr\/wp-content\/uploads\/2019\/05\/LIGNES19_002-768x513.jpg 768w, https:\/\/lignesauto.fr\/wp-content\/uploads\/2019\/05\/LIGNES19_002-370x247.jpg 370w, https:\/\/lignesauto.fr\/wp-content\/uploads\/2019\/05\/LIGNES19_002-1040x694.jpg 1040w, https:\/\/lignesauto.fr\/wp-content\/uploads\/2019\/05\/LIGNES19_002.jpg 1666w\" sizes=\"(max-width: 1024px) 100vw, 1024px\" \/><\/a><\/p>\n<p>Si nous sommes loin des codes automobiles pour l&#8217;ext\u00e9rieur, nous le sommes encore plus \u00e0 l&#8217;int\u00e9rieur ! Bienvenue en 2030 avec le duo de designers &#8220;inter&#8221; qui a d\u00e9j\u00e0 sign\u00e9 la CXperience : J\u00e9r\u00e9my Lebonnois (\u00e0 gauche ci-dessous) et Rapha\u00ebl le Masson Pannetrat (\u00e0 droite). Pour le design int\u00e9rieur, n&#8217;oublions pas le responsable &#8216;style avance de phase int\u00e9rieur&#8217; : Jean-Arthur Madelaine-Advenier, H\u00e9l\u00e8ne Veilleux et Aude Renon pour les &#8216;couleurs et mati\u00e8res&#8217; et enfin Nicolas Michel avec Dominique Liegey pour le style des IHM.<\/p>\n<p><a href=\"http:\/\/lignesauto.fr\/?attachment_id=9540\" rel=\"attachment wp-att-9540\"><img loading=\"lazy\" decoding=\"async\" class=\"alignnone wp-image-9540 size-large\" src=\"http:\/\/lignesauto.fr\/wp-content\/uploads\/2019\/05\/LIGNES19_11-1024x576.jpg\" alt=\"\" width=\"1024\" height=\"576\" srcset=\"https:\/\/lignesauto.fr\/wp-content\/uploads\/2019\/05\/LIGNES19_11-1024x576.jpg 1024w, https:\/\/lignesauto.fr\/wp-content\/uploads\/2019\/05\/LIGNES19_11-300x169.jpg 300w, https:\/\/lignesauto.fr\/wp-content\/uploads\/2019\/05\/LIGNES19_11-768x432.jpg 768w, https:\/\/lignesauto.fr\/wp-content\/uploads\/2019\/05\/LIGNES19_11-370x208.jpg 370w, https:\/\/lignesauto.fr\/wp-content\/uploads\/2019\/05\/LIGNES19_11-1040x585.jpg 1040w, https:\/\/lignesauto.fr\/wp-content\/uploads\/2019\/05\/LIGNES19_11.jpg 1417w\" sizes=\"(max-width: 1024px) 100vw, 1024px\" \/><\/a><\/p>\n<h3><strong>L&#8217;inspiration \u00e0 bord<\/strong><\/h3>\n<p><a href=\"http:\/\/lignesauto.fr\/?attachment_id=9535\" rel=\"attachment wp-att-9535\"><img loading=\"lazy\" decoding=\"async\" class=\"alignnone wp-image-9535 size-large\" src=\"http:\/\/lignesauto.fr\/wp-content\/uploads\/2019\/05\/LIGNES19_06-1024x576.jpg\" alt=\"\" width=\"1024\" height=\"576\" srcset=\"https:\/\/lignesauto.fr\/wp-content\/uploads\/2019\/05\/LIGNES19_06-1024x576.jpg 1024w, https:\/\/lignesauto.fr\/wp-content\/uploads\/2019\/05\/LIGNES19_06-300x169.jpg 300w, https:\/\/lignesauto.fr\/wp-content\/uploads\/2019\/05\/LIGNES19_06-768x432.jpg 768w, https:\/\/lignesauto.fr\/wp-content\/uploads\/2019\/05\/LIGNES19_06-370x208.jpg 370w, https:\/\/lignesauto.fr\/wp-content\/uploads\/2019\/05\/LIGNES19_06-1040x585.jpg 1040w, https:\/\/lignesauto.fr\/wp-content\/uploads\/2019\/05\/LIGNES19_06.jpg 1417w\" sizes=\"(max-width: 1024px) 100vw, 1024px\" \/><\/a><\/p>\n<p>J\u00e9r\u00e9my Lebonnois nous confie que &#8220;<em>le design est inspir\u00e9 de l\u2019habitat. Nous l\u2019avons imagin\u00e9 comme une extension de la maison. Nous avons not\u00e9 par exemple le retour du marbre dans le milieu de l\u2019ameublement. A bord de 19_19, pour faire \u00e9cho au confort, nous avons repris ce th\u00e8me avec une r\u00e9sine mate, satin\u00e9e qui respecte l\u2019esprit min\u00e9ral de cette pierre. Le dessin des consoles est tr\u00e8s proche de celui d\u2019une table basse que l\u2019on imagine tout \u00e0 fait dans un appartement ou une maison.&#8221;\u00a0<\/em><\/p>\n<p><a href=\"http:\/\/lignesauto.fr\/?attachment_id=9709\" rel=\"attachment wp-att-9709\"><img loading=\"lazy\" decoding=\"async\" class=\"alignnone wp-image-9709 size-large\" src=\"http:\/\/lignesauto.fr\/wp-content\/uploads\/2019\/05\/LIGNES19_014-1024x684.jpg\" alt=\"\" width=\"1024\" height=\"684\" srcset=\"https:\/\/lignesauto.fr\/wp-content\/uploads\/2019\/05\/LIGNES19_014-1024x684.jpg 1024w, https:\/\/lignesauto.fr\/wp-content\/uploads\/2019\/05\/LIGNES19_014-300x200.jpg 300w, https:\/\/lignesauto.fr\/wp-content\/uploads\/2019\/05\/LIGNES19_014-768x513.jpg 768w, https:\/\/lignesauto.fr\/wp-content\/uploads\/2019\/05\/LIGNES19_014-370x247.jpg 370w, https:\/\/lignesauto.fr\/wp-content\/uploads\/2019\/05\/LIGNES19_014-1040x694.jpg 1040w, https:\/\/lignesauto.fr\/wp-content\/uploads\/2019\/05\/LIGNES19_014.jpg 1766w\" sizes=\"(max-width: 1024px) 100vw, 1024px\" \/><\/a><\/p>\n<p><em>&#8220;Ce mat\u00e9riau a \u00e9galement \u00e9t\u00e9 employ\u00e9 pour le volant qui fait ainsi un clin d\u2019\u0153il \u00e0 la jante en bak\u00e9lite du pass\u00e9. Il fallait faire de cette capsule habitable une capsule de voyages au long cours\u00a0!&#8221;<\/em><\/p>\n<p><a href=\"http:\/\/lignesauto.fr\/?attachment_id=9710\" rel=\"attachment wp-att-9710\"><img loading=\"lazy\" decoding=\"async\" class=\"alignnone wp-image-9710 size-large\" src=\"http:\/\/lignesauto.fr\/wp-content\/uploads\/2019\/05\/LIGNES19_012-1024x684.jpg\" alt=\"\" width=\"1024\" height=\"684\" srcset=\"https:\/\/lignesauto.fr\/wp-content\/uploads\/2019\/05\/LIGNES19_012-1024x684.jpg 1024w, https:\/\/lignesauto.fr\/wp-content\/uploads\/2019\/05\/LIGNES19_012-300x200.jpg 300w, https:\/\/lignesauto.fr\/wp-content\/uploads\/2019\/05\/LIGNES19_012-768x513.jpg 768w, https:\/\/lignesauto.fr\/wp-content\/uploads\/2019\/05\/LIGNES19_012-370x247.jpg 370w, https:\/\/lignesauto.fr\/wp-content\/uploads\/2019\/05\/LIGNES19_012-1040x694.jpg 1040w, https:\/\/lignesauto.fr\/wp-content\/uploads\/2019\/05\/LIGNES19_012.jpg 1766w\" sizes=\"(max-width: 1024px) 100vw, 1024px\" \/><\/a><br \/>\n<i>La console centrale \u00e9pur\u00e9e, r\u00e9alis\u00e9e dans un mat\u00e9riau de synth\u00e8se \u00e9voquant le marbre est entaill\u00e9e pour recevoir\u00a0divers objets. Vue de dessus, ces encoches repr\u00e9sentent le chevron Citro\u00ebn !<\/i><\/p>\n<p><a href=\"http:\/\/lignesauto.fr\/?attachment_id=9833\" rel=\"attachment wp-att-9833\"><img loading=\"lazy\" decoding=\"async\" class=\"alignnone wp-image-9833 size-large\" src=\"http:\/\/lignesauto.fr\/wp-content\/uploads\/2019\/05\/L19_01-1024x722.png\" alt=\"\" width=\"1024\" height=\"722\" srcset=\"https:\/\/lignesauto.fr\/wp-content\/uploads\/2019\/05\/L19_01-1024x722.png 1024w, https:\/\/lignesauto.fr\/wp-content\/uploads\/2019\/05\/L19_01-300x212.png 300w, https:\/\/lignesauto.fr\/wp-content\/uploads\/2019\/05\/L19_01-768x541.png 768w, https:\/\/lignesauto.fr\/wp-content\/uploads\/2019\/05\/L19_01-370x261.png 370w, https:\/\/lignesauto.fr\/wp-content\/uploads\/2019\/05\/L19_01-1040x733.png 1040w, https:\/\/lignesauto.fr\/wp-content\/uploads\/2019\/05\/L19_01.png 1417w\" sizes=\"(max-width: 1024px) 100vw, 1024px\" \/><\/a><\/p>\n<p>Rapha\u00ebl Le Masson-Pannetrat explique quant \u00e0 lui que la planche &#8220;<em>a plut\u00f4t \u00e9t\u00e9 con\u00e7ue comme une extension de la structure ext\u00e9rieure.&#8221; \u00a0<\/em>Au centre, l&#8217;assistant personnel (un cylindre tr\u00e8s techno dans son trait\u00e9) coulisse de la partie basse de la planche, d\u00e9di\u00e9e \u00e0 l\u2019infotainement, \u00e0 la partie sup\u00e9rieure, d\u00e9di\u00e9e \u00e0 la conduite.<\/p>\n<p><a href=\"http:\/\/lignesauto.fr\/?attachment_id=9711\" rel=\"attachment wp-att-9711\"><img loading=\"lazy\" decoding=\"async\" class=\"alignnone wp-image-9711 size-large\" src=\"http:\/\/lignesauto.fr\/wp-content\/uploads\/2019\/05\/LIGNES19_023-1024x454.png\" alt=\"\" width=\"1024\" height=\"454\" srcset=\"https:\/\/lignesauto.fr\/wp-content\/uploads\/2019\/05\/LIGNES19_023-1024x454.png 1024w, https:\/\/lignesauto.fr\/wp-content\/uploads\/2019\/05\/LIGNES19_023-300x133.png 300w, https:\/\/lignesauto.fr\/wp-content\/uploads\/2019\/05\/LIGNES19_023-768x341.png 768w, https:\/\/lignesauto.fr\/wp-content\/uploads\/2019\/05\/LIGNES19_023-370x164.png 370w, https:\/\/lignesauto.fr\/wp-content\/uploads\/2019\/05\/LIGNES19_023-1040x461.png 1040w, https:\/\/lignesauto.fr\/wp-content\/uploads\/2019\/05\/LIGNES19_023.png 1788w\" sizes=\"(max-width: 1024px) 100vw, 1024px\" \/><\/a><\/p>\n<p><em>&#8220;Lorsque l\u2019on passe du mode conduite au mode autonome&#8221; <\/em>poursuit Rapha\u00ebl,<em> &#8220;le cylindre traverse la planche pour magnifier et mettre en sc\u00e8ne l\u2019intelligence artificielle qui prend le contr\u00f4le, \u00e0 l\u2019image d\u2019un p\u00e9riscope.&#8221;<\/em><\/p>\n<p><a href=\"http:\/\/lignesauto.fr\/?attachment_id=9713\" rel=\"attachment wp-att-9713\"><img loading=\"lazy\" decoding=\"async\" class=\"alignnone wp-image-9713 size-large\" src=\"http:\/\/lignesauto.fr\/wp-content\/uploads\/2019\/05\/LIGNES19_026-1024x516.png\" alt=\"\" width=\"1024\" height=\"516\" srcset=\"https:\/\/lignesauto.fr\/wp-content\/uploads\/2019\/05\/LIGNES19_026-1024x516.png 1024w, https:\/\/lignesauto.fr\/wp-content\/uploads\/2019\/05\/LIGNES19_026-300x151.png 300w, https:\/\/lignesauto.fr\/wp-content\/uploads\/2019\/05\/LIGNES19_026-768x387.png 768w, https:\/\/lignesauto.fr\/wp-content\/uploads\/2019\/05\/LIGNES19_026-370x186.png 370w, https:\/\/lignesauto.fr\/wp-content\/uploads\/2019\/05\/LIGNES19_026-1040x524.png 1040w, https:\/\/lignesauto.fr\/wp-content\/uploads\/2019\/05\/LIGNES19_026.png 1835w\" sizes=\"(max-width: 1024px) 100vw, 1024px\" \/><\/a><\/p>\n<p><em>&#8220;On s\u2019est totalement affranchi des codes automobiles qui s\u00e9parent l\u2019habitacle en quatre parties, avec la planche de bord, le rang 1, le rang 2 et le coffre&#8221; \u00a0<\/em>nous explique Jean-Arthur Madelaine-Advenier. &#8220;<em>Nous avons au contraire profit\u00e9 de l\u2019architecture atypique de la capsule et de cette enveloppe tr\u00e8s lumineuse pour offrir un si\u00e8ge diff\u00e9rent \u00e0 chacun.&#8221; \u00a0<\/em>J\u00e9r\u00e9my explique que<em>\u00a0&#8220;l&#8217;on repousse les limites de l\u2019expression du confort, comme avec une pi\u00e8ce embl\u00e9matique, la chaise longue \u00ab\u00a0m\u00e9ridienne\u00a0\u00bb pour le passager avant.&#8221;<\/em><\/p>\n<p><a href=\"http:\/\/lignesauto.fr\/?attachment_id=9715\" rel=\"attachment wp-att-9715\"><img loading=\"lazy\" decoding=\"async\" class=\"alignnone wp-image-9715 size-large\" src=\"http:\/\/lignesauto.fr\/wp-content\/uploads\/2019\/05\/LIGNES19_027-1024x439.png\" alt=\"\" width=\"1024\" height=\"439\" srcset=\"https:\/\/lignesauto.fr\/wp-content\/uploads\/2019\/05\/LIGNES19_027-1024x439.png 1024w, https:\/\/lignesauto.fr\/wp-content\/uploads\/2019\/05\/LIGNES19_027-300x129.png 300w, https:\/\/lignesauto.fr\/wp-content\/uploads\/2019\/05\/LIGNES19_027-768x329.png 768w, https:\/\/lignesauto.fr\/wp-content\/uploads\/2019\/05\/LIGNES19_027-370x159.png 370w, https:\/\/lignesauto.fr\/wp-content\/uploads\/2019\/05\/LIGNES19_027-1040x446.png 1040w, https:\/\/lignesauto.fr\/wp-content\/uploads\/2019\/05\/LIGNES19_027.png 1701w\" sizes=\"(max-width: 1024px) 100vw, 1024px\" \/><\/a><\/p>\n<p>A l\u2019arri\u00e8re, J\u00e9r\u00e9my \u00e9voque \u00e9galement le sofa qui &#8220;<em>prolonge cet effet immersif jusque dans le coffre, \u00e0 l\u2019image du sundeck d&#8217;un Riva. Cette banquette n\u2019a pas de dossier mais juste un treillis de tissus \u00e9lastiques dispos\u00e9 en forme de chevron pour ne pas alt\u00e9rer la luminosit\u00e9 de l\u2019avant jusqu\u2019\u00e0 l\u2019arri\u00e8re du v\u00e9hicule.&#8221;<\/em><\/p>\n<p><a href=\"http:\/\/lignesauto.fr\/?attachment_id=9714\" rel=\"attachment wp-att-9714\"><img loading=\"lazy\" decoding=\"async\" class=\"alignnone wp-image-9714 size-large\" src=\"http:\/\/lignesauto.fr\/wp-content\/uploads\/2019\/05\/LIGNES19_005-1024x683.jpg\" alt=\"\" width=\"1024\" height=\"683\" srcset=\"https:\/\/lignesauto.fr\/wp-content\/uploads\/2019\/05\/LIGNES19_005-1024x683.jpg 1024w, https:\/\/lignesauto.fr\/wp-content\/uploads\/2019\/05\/LIGNES19_005-300x200.jpg 300w, https:\/\/lignesauto.fr\/wp-content\/uploads\/2019\/05\/LIGNES19_005-768x512.jpg 768w, https:\/\/lignesauto.fr\/wp-content\/uploads\/2019\/05\/LIGNES19_005-370x247.jpg 370w, https:\/\/lignesauto.fr\/wp-content\/uploads\/2019\/05\/LIGNES19_005-1040x694.jpg 1040w, https:\/\/lignesauto.fr\/wp-content\/uploads\/2019\/05\/LIGNES19_005.jpg 1587w\" sizes=\"(max-width: 1024px) 100vw, 1024px\" \/><\/a><\/p>\n<p>&nbsp;<\/p>\n<p><strong><i>Un \u00e9cran ext\u00e9rieur (black panel) a \u00e9t\u00e9 implant\u00e9 dans chacune des embases lat\u00e9rales de la carrosserie. Cette interface d&#8217;accueil communique avec le conducteur et devient un assistant personnel. 19_19 peut m\u00eame vous souhaiter la bienvenue ! <\/i>&#8220;Bonjour 19_19 !&#8221;<\/strong><\/p>\n<p><a href=\"http:\/\/lignesauto.fr\/?attachment_id=9554\" rel=\"attachment wp-att-9554\"><img loading=\"lazy\" decoding=\"async\" class=\"alignnone wp-image-9554 size-large\" src=\"http:\/\/lignesauto.fr\/wp-content\/uploads\/2019\/05\/LIGNES19_25-1024x309.jpg\" alt=\"\" width=\"1024\" height=\"309\" srcset=\"https:\/\/lignesauto.fr\/wp-content\/uploads\/2019\/05\/LIGNES19_25-1024x309.jpg 1024w, https:\/\/lignesauto.fr\/wp-content\/uploads\/2019\/05\/LIGNES19_25-300x91.jpg 300w, https:\/\/lignesauto.fr\/wp-content\/uploads\/2019\/05\/LIGNES19_25-768x232.jpg 768w, https:\/\/lignesauto.fr\/wp-content\/uploads\/2019\/05\/LIGNES19_25-370x112.jpg 370w, https:\/\/lignesauto.fr\/wp-content\/uploads\/2019\/05\/LIGNES19_25-1040x314.jpg 1040w, https:\/\/lignesauto.fr\/wp-content\/uploads\/2019\/05\/LIGNES19_25.jpg 1417w\" sizes=\"(max-width: 1024px) 100vw, 1024px\" \/><\/a><\/p>\n<p>RETROUVEZ CE CONCEPT-CARS ET PRES DE 70 CONCEPTS ET PROTOTYPES D&#8217;ETUDES DANS L&#8217;OUVRAGE <strong>&#8220;CONCEPT-CARS CITRO\u00cbN&#8221;<\/strong>, PARUTION : DEBUT JUILLET. Editions BJB. SOUSCRIPTION A PRIX PREFERENTIEL (70 \u20ac au lieu de 89 \u20ac) ET SOMMAIRE ICI:\u00a0<a href=\"http:\/\/lignesauto.fr\/?p=9365\">http:\/\/lignesauto.fr\/?p=9365<\/a>\u00a0 ou\u00a0<a href=\"https:\/\/www.bjbeditions.com\">https:\/\/www.bjbeditions.com<\/a><br \/>\nBON DE SOUSCRIPTION VALABLE JUSQU&#8217;A FIN JUIN ICI :\u00a0<a href=\"http:\/\/lignesauto.fr\/?attachment_id=9413\" rel=\"attachment wp-att-9413\">souscription BJB.DEF<\/a><\/p>\n<p>&nbsp;<\/p>\n<p><iframe loading=\"lazy\" title=\"LIGNESAUTO19 19\" width=\"640\" height=\"360\" src=\"https:\/\/www.youtube.com\/embed\/NzsgM0lX9p8?feature=oembed\" frameborder=\"0\" allow=\"accelerometer; autoplay; clipboard-write; encrypted-media; gyroscope; picture-in-picture; web-share\" referrerpolicy=\"strict-origin-when-cross-origin\" allowfullscreen><\/iframe><\/p>\n<h3><strong>LIGNES\/auto, c&#8217;est aussi une page Facebook<\/strong><\/h3>\n<p><a href=\"https:\/\/www.facebook.com\/lignesauto\/?modal=admin_todo_tour\">https:\/\/www.facebook.com\/lignesauto\/?modal=admin_todo_tour<\/a><\/p>\n<p>&nbsp;<\/p>\n<p><a href=\"http:\/\/lignesauto.fr\/wp-content\/uploads\/2018\/10\/LOGOActus_BD.jpg\"><img loading=\"lazy\" decoding=\"async\" class=\"alignnone size-medium wp-image-4921\" src=\"http:\/\/lignesauto.fr\/wp-content\/uploads\/2018\/10\/LOGOActus_BD-300x108.jpg\" alt=\"\" width=\"300\" height=\"108\" srcset=\"https:\/\/lignesauto.fr\/wp-content\/uploads\/2018\/10\/LOGOActus_BD-300x108.jpg 300w, https:\/\/lignesauto.fr\/wp-content\/uploads\/2018\/10\/LOGOActus_BD-768x276.jpg 768w, https:\/\/lignesauto.fr\/wp-content\/uploads\/2018\/10\/LOGOActus_BD-1024x367.jpg 1024w, https:\/\/lignesauto.fr\/wp-content\/uploads\/2018\/10\/LOGOActus_BD-370x133.jpg 370w, https:\/\/lignesauto.fr\/wp-content\/uploads\/2018\/10\/LOGOActus_BD-1040x373.jpg 1040w, https:\/\/lignesauto.fr\/wp-content\/uploads\/2018\/10\/LOGOActus_BD.jpg 1240w\" sizes=\"(max-width: 300px) 100vw, 300px\" \/><\/a><\/p>\n","protected":false},"excerpt":{"rendered":"<p>La soucoupe &#8220;violente&#8221; de Citro\u00ebn repr\u00e9sente la notion de confort sur la route. Elle est port\u00e9e par quatre roues d\u00e9mesur\u00e9es et survole les obstacles en toute s\u00e9r\u00e9nit\u00e9. Mais le confort, c&#8217;est aussi et essentiellement \u00e0 bord qu&#8217;on le vit. Et \u00e0 bord de 19_19, le choc est tout aussi fort [&hellip;]<\/p>\n","protected":false},"author":1,"featured_media":9716,"comment_status":"open","ping_status":"open","sticky":false,"template":"","format":"standard","meta":{"footnotes":""},"categories":[1],"tags":[],"_links":{"self":[{"href":"https:\/\/lignesauto.fr\/index.php?rest_route=\/wp\/v2\/posts\/9514"}],"collection":[{"href":"https:\/\/lignesauto.fr\/index.php?rest_route=\/wp\/v2\/posts"}],"about":[{"href":"https:\/\/lignesauto.fr\/index.php?rest_route=\/wp\/v2\/types\/post"}],"author":[{"embeddable":true,"href":"https:\/\/lignesauto.fr\/index.php?rest_route=\/wp\/v2\/users\/1"}],"replies":[{"embeddable":true,"href":"https:\/\/lignesauto.fr\/index.php?rest_route=%2Fwp%2Fv2%2Fcomments&post=9514"}],"version-history":[{"count":32,"href":"https:\/\/lignesauto.fr\/index.php?rest_route=\/wp\/v2\/posts\/9514\/revisions"}],"predecessor-version":[{"id":9865,"href":"https:\/\/lignesauto.fr\/index.php?rest_route=\/wp\/v2\/posts\/9514\/revisions\/9865"}],"wp:featuredmedia":[{"embeddable":true,"href":"https:\/\/lignesauto.fr\/index.php?rest_route=\/wp\/v2\/media\/9716"}],"wp:attachment":[{"href":"https:\/\/lignesauto.fr\/index.php?rest_route=%2Fwp%2Fv2%2Fmedia&parent=9514"}],"wp:term":[{"taxonomy":"category","embeddable":true,"href":"https:\/\/lignesauto.fr\/index.php?rest_route=%2Fwp%2Fv2%2Fcategories&post=9514"},{"taxonomy":"post_tag","embeddable":true,"href":"https:\/\/lignesauto.fr\/index.php?rest_route=%2Fwp%2Fv2%2Ftags&post=9514"}],"curies":[{"name":"wp","href":"https:\/\/api.w.org\/{rel}","templated":true}]}}