{"id":9529,"date":"2019-05-13T14:03:20","date_gmt":"2019-05-13T12:03:20","guid":{"rendered":"http:\/\/lignesauto.fr\/?p=9529"},"modified":"2019-05-13T11:33:57","modified_gmt":"2019-05-13T09:33:57","slug":"citroen-19_19-quand-2030-a-deja-existe","status":"publish","type":"post","link":"https:\/\/lignesauto.fr\/?p=9529","title":{"rendered":"Citro\u00ebn 19_19 : quand 2030 a d\u00e9j\u00e0 exist\u00e9"},"content":{"rendered":"<p><a href=\"http:\/\/lignesauto.fr\/wp-content\/uploads\/2018\/10\/LOGOActus_BD.jpg\"><img loading=\"lazy\" decoding=\"async\" class=\"alignnone size-medium wp-image-4921\" src=\"http:\/\/lignesauto.fr\/wp-content\/uploads\/2018\/10\/LOGOActus_BD-300x108.jpg\" alt=\"\" width=\"300\" height=\"108\" srcset=\"https:\/\/lignesauto.fr\/wp-content\/uploads\/2018\/10\/LOGOActus_BD-300x108.jpg 300w, https:\/\/lignesauto.fr\/wp-content\/uploads\/2018\/10\/LOGOActus_BD-768x276.jpg 768w, https:\/\/lignesauto.fr\/wp-content\/uploads\/2018\/10\/LOGOActus_BD-1024x367.jpg 1024w, https:\/\/lignesauto.fr\/wp-content\/uploads\/2018\/10\/LOGOActus_BD-370x133.jpg 370w, https:\/\/lignesauto.fr\/wp-content\/uploads\/2018\/10\/LOGOActus_BD-1040x373.jpg 1040w, https:\/\/lignesauto.fr\/wp-content\/uploads\/2018\/10\/LOGOActus_BD.jpg 1240w\" sizes=\"(max-width: 300px) 100vw, 300px\" \/><\/a><\/p>\n<p>Une capsule sur roues, une gueule incroyable, un habitacle multi-sensoriel, une vision panoramique&#8230; La voiture ultra-confort de demain vue par Citro\u00ebn est-elle un OVNI plan\u00e9taire o\u00f9 a-t-elle d\u00e9j\u00e0 \u00e9t\u00e9 vue ? Voici quelques r\u00e9flexions sur des th\u00e8mes mis en avant sur le concept 19_19 qui ont d\u00e9j\u00e0 \u00e9t\u00e9 un peu d\u00e9flor\u00e9s ailleurs.\u00a0Le sujet est un exercice d&#8217;\u00e9quilibriste qui ne plait g\u00e9n\u00e9ralement pas aux designers. La vue d&#8217;un concept-car r\u00e9v\u00e8le toujours au fond de nous ce petit quelque chose de&#8230; &#8220;j&#8217;ai d\u00e9j\u00e0 vu \u00e7a ailleurs&#8221;&#8230;<\/p>\n<p><a href=\"http:\/\/lignesauto.fr\/?attachment_id=9699\" rel=\"attachment wp-att-9699\"><img loading=\"lazy\" decoding=\"async\" class=\"alignnone wp-image-9699 size-large\" src=\"http:\/\/lignesauto.fr\/wp-content\/uploads\/2019\/05\/LIGNES19_022-1024x576.png\" alt=\"\" width=\"1024\" height=\"576\" srcset=\"https:\/\/lignesauto.fr\/wp-content\/uploads\/2019\/05\/LIGNES19_022-1024x576.png 1024w, https:\/\/lignesauto.fr\/wp-content\/uploads\/2019\/05\/LIGNES19_022-300x169.png 300w, https:\/\/lignesauto.fr\/wp-content\/uploads\/2019\/05\/LIGNES19_022-768x432.png 768w, https:\/\/lignesauto.fr\/wp-content\/uploads\/2019\/05\/LIGNES19_022-370x208.png 370w, https:\/\/lignesauto.fr\/wp-content\/uploads\/2019\/05\/LIGNES19_022-1040x585.png 1040w, https:\/\/lignesauto.fr\/wp-content\/uploads\/2019\/05\/LIGNES19_022.png 1417w\" sizes=\"(max-width: 1024px) 100vw, 1024px\" \/><\/a><\/p>\n<p>&nbsp;<\/p>\n<p>Avec la Citro\u00ebn 19_19, nous sommes loin de tout \u00e7a, car le concept vole au-del\u00e0 des fronti\u00e8res de notre univers automobile. Citro\u00ebn nous propulse \u00e0 la vitesse lumi\u00e8re en 2030. J&#8217;aurai 69 ans, un d\u00e9ambulateur dessin\u00e9 par Philippe Starck ou des Adidas Gazelle &#8220;Revival&#8221; aux pieds pour mon jogging matinal, c&#8217;est selon, et personne ne viendra me dire que ce que j&#8217;ai \u00e9crit en 2019 sur ce sujet \u00e9tait faux.<\/p>\n<p><a href=\"http:\/\/lignesauto.fr\/?attachment_id=9837\" rel=\"attachment wp-att-9837\"><img loading=\"lazy\" decoding=\"async\" class=\"wp-image-9837 size-large\" src=\"http:\/\/lignesauto.fr\/wp-content\/uploads\/2019\/05\/L19_05-1024x512.jpg\" alt=\"\" width=\"1024\" height=\"512\" srcset=\"https:\/\/lignesauto.fr\/wp-content\/uploads\/2019\/05\/L19_05-1024x512.jpg 1024w, https:\/\/lignesauto.fr\/wp-content\/uploads\/2019\/05\/L19_05-300x150.jpg 300w, https:\/\/lignesauto.fr\/wp-content\/uploads\/2019\/05\/L19_05-768x384.jpg 768w, https:\/\/lignesauto.fr\/wp-content\/uploads\/2019\/05\/L19_05-370x185.jpg 370w, https:\/\/lignesauto.fr\/wp-content\/uploads\/2019\/05\/L19_05-1040x520.jpg 1040w, https:\/\/lignesauto.fr\/wp-content\/uploads\/2019\/05\/L19_05.jpg 1417w\" sizes=\"(max-width: 1024px) 100vw, 1024px\" \/><\/a><\/p>\n<p><em>La Citro\u00ebn 19_19 partage avec la Rosalie la couleur bleue et&#8230; le logo Citro\u00ebn Origins !<\/em><\/p>\n<p><span style=\"font-size: 16px;\">C&#8217;est donc l&#8217;esprit l\u00e9ger que j&#8217;ai ouvert quelques tiroirs poussi\u00e9reux de mon cerveau emplis d&#8217;images de concept-cars parfois oubli\u00e9s&#8230;.\u00a0<\/span>En d\u00e9couvrant la 19_19, mon enc\u00e9phale a donc ouvert ces casiers l\u00e0 :<\/p>\n<h3><strong>Th\u00e8me de la proue abrupte et de la vision p\u00e9riph\u00e9rique<\/strong><\/h3>\n<h3><strong><a href=\"http:\/\/lignesauto.fr\/?attachment_id=9546\" rel=\"attachment wp-att-9546\"><img loading=\"lazy\" decoding=\"async\" class=\"alignnone wp-image-9546 size-large\" src=\"http:\/\/lignesauto.fr\/wp-content\/uploads\/2019\/05\/LIGNES19_17-1024x751.png\" alt=\"\" width=\"1024\" height=\"751\" srcset=\"https:\/\/lignesauto.fr\/wp-content\/uploads\/2019\/05\/LIGNES19_17-1024x751.png 1024w, https:\/\/lignesauto.fr\/wp-content\/uploads\/2019\/05\/LIGNES19_17-300x220.png 300w, https:\/\/lignesauto.fr\/wp-content\/uploads\/2019\/05\/LIGNES19_17-768x563.png 768w, https:\/\/lignesauto.fr\/wp-content\/uploads\/2019\/05\/LIGNES19_17-370x271.png 370w, https:\/\/lignesauto.fr\/wp-content\/uploads\/2019\/05\/LIGNES19_17-1040x763.png 1040w, https:\/\/lignesauto.fr\/wp-content\/uploads\/2019\/05\/LIGNES19_17.png 1417w\" sizes=\"(max-width: 1024px) 100vw, 1024px\" \/><\/a><\/strong><\/h3>\n<p>Un pare-brise gigantesque qui plonge sur les optiques avant, des ailes bien marqu\u00e9es, une surface frontale plane et en retrait des ailes, voil\u00e0 ce que l&#8217;on trouve sur la Citro\u00ebn 19_19. Ajoutons-y une capsule vitr\u00e9e qui fait office d&#8217;habitacle. Ce sont un peu les th\u00e8mes que l&#8217;on trouve \u00e9galement sur le projet de l&#8217;Audi e-tron Imperator dessin\u00e9 par le designer Fr\u00e9d\u00e9ric Le Sciellour et pr\u00e9vu pour c\u00e9l\u00e9brer les 100 ans de l&#8217;Audi Type R Imperator en 2028, soit pratiquement l&#8217;ann\u00e9e 2030 dans laquelle Citro\u00ebn nous projette avec sa 19_19. Cette derni\u00e8re adopte par contre une architecture tr\u00e8s diff\u00e9rente en ext\u00e9riorisant ses quatre roues.<\/p>\n<p><a href=\"http:\/\/lignesauto.fr\/?attachment_id=9593\" rel=\"attachment wp-att-9593\"><img loading=\"lazy\" decoding=\"async\" class=\"alignnone wp-image-9593 size-large\" src=\"http:\/\/lignesauto.fr\/wp-content\/uploads\/2019\/05\/LIGNESLESCIELLOUR-1024x540.jpg\" alt=\"\" width=\"1024\" height=\"540\" srcset=\"https:\/\/lignesauto.fr\/wp-content\/uploads\/2019\/05\/LIGNESLESCIELLOUR-1024x540.jpg 1024w, https:\/\/lignesauto.fr\/wp-content\/uploads\/2019\/05\/LIGNESLESCIELLOUR-300x158.jpg 300w, https:\/\/lignesauto.fr\/wp-content\/uploads\/2019\/05\/LIGNESLESCIELLOUR-768x405.jpg 768w, https:\/\/lignesauto.fr\/wp-content\/uploads\/2019\/05\/LIGNESLESCIELLOUR-370x195.jpg 370w, https:\/\/lignesauto.fr\/wp-content\/uploads\/2019\/05\/LIGNESLESCIELLOUR-1040x548.jpg 1040w, https:\/\/lignesauto.fr\/wp-content\/uploads\/2019\/05\/LIGNESLESCIELLOUR.jpg 1417w\" sizes=\"(max-width: 1024px) 100vw, 1024px\" \/><\/a><\/p>\n<p><a href=\"http:\/\/lignesauto.fr\/?attachment_id=9776\" rel=\"attachment wp-att-9776\"><img loading=\"lazy\" decoding=\"async\" class=\"alignnone wp-image-9776 size-large\" src=\"http:\/\/lignesauto.fr\/wp-content\/uploads\/2019\/05\/96ca6b55744321.5991d65d316b8-1024x540.jpg\" alt=\"\" width=\"1024\" height=\"540\" srcset=\"https:\/\/lignesauto.fr\/wp-content\/uploads\/2019\/05\/96ca6b55744321.5991d65d316b8-1024x540.jpg 1024w, https:\/\/lignesauto.fr\/wp-content\/uploads\/2019\/05\/96ca6b55744321.5991d65d316b8-300x158.jpg 300w, https:\/\/lignesauto.fr\/wp-content\/uploads\/2019\/05\/96ca6b55744321.5991d65d316b8-768x405.jpg 768w, https:\/\/lignesauto.fr\/wp-content\/uploads\/2019\/05\/96ca6b55744321.5991d65d316b8-370x195.jpg 370w, https:\/\/lignesauto.fr\/wp-content\/uploads\/2019\/05\/96ca6b55744321.5991d65d316b8-1040x548.jpg 1040w, https:\/\/lignesauto.fr\/wp-content\/uploads\/2019\/05\/96ca6b55744321.5991d65d316b8.jpg 1417w\" sizes=\"(max-width: 1024px) 100vw, 1024px\" \/><\/a><br \/>\n<em>Pour d\u00e9couvrir l&#8217;Audi e-tron Imperator, visiter la page Behance de Fr\u00e9d\u00e9ric Le Sciellour ici :<\/em>\u00a0<a href=\"https:\/\/www.behance.net\/gallery\/55744321\/Audi-e-tron-Imperator?tracking_source=curated_galleries_list\">https:\/\/www.behance.net\/gallery\/55744321\/Audi-e-tron-Imperator?tracking_source=curated_galleries_list<\/a><\/p>\n<p>&nbsp;<\/p>\n<h3><strong>Habitacle avec pleine vue sur l&#8217;ext\u00e9rieur<\/strong><\/h3>\n<p><a href=\"http:\/\/lignesauto.fr\/?attachment_id=9700\" rel=\"attachment wp-att-9700\"><img loading=\"lazy\" decoding=\"async\" class=\"alignnone wp-image-9700 size-large\" src=\"http:\/\/lignesauto.fr\/wp-content\/uploads\/2019\/05\/LIGNES19_003-1024x672.jpg\" alt=\"\" width=\"1024\" height=\"672\" srcset=\"https:\/\/lignesauto.fr\/wp-content\/uploads\/2019\/05\/LIGNES19_003-1024x672.jpg 1024w, https:\/\/lignesauto.fr\/wp-content\/uploads\/2019\/05\/LIGNES19_003-300x197.jpg 300w, https:\/\/lignesauto.fr\/wp-content\/uploads\/2019\/05\/LIGNES19_003-768x504.jpg 768w, https:\/\/lignesauto.fr\/wp-content\/uploads\/2019\/05\/LIGNES19_003-370x243.jpg 370w, https:\/\/lignesauto.fr\/wp-content\/uploads\/2019\/05\/LIGNES19_003-1040x682.jpg 1040w, https:\/\/lignesauto.fr\/wp-content\/uploads\/2019\/05\/LIGNES19_003.jpg 1587w\" sizes=\"(max-width: 1024px) 100vw, 1024px\" \/><\/a><\/p>\n<p>De la lumi\u00e8re, partout. Du vitrage, partout&#8230; Et m\u00eame, sur la photo ci-dessous, une vision jusque sur la route depuis le si\u00e8ge arri\u00e8re ! Cette plong\u00e9e des occupants dans le paysage travers\u00e9 en grand confort \u00e0 bord de la Citro\u00ebn 19_19 est un th\u00e8me qui a \u00e9t\u00e9 d\u00e9flor\u00e9 chez&#8230; Citro\u00ebn, en 2005 (voici donc quatorze ans d\u00e9j\u00e0) dans un gabarit nettement plus compact avec le concept-car C-Airplay dessin\u00e9 par Cyril Pietton. Tant mieux, cela signifie bien qu&#8217;inconsciemment, rien ne se perd au centre de cr\u00e9ation Citro\u00ebn ! Pas m\u00eame la volont\u00e9 d&#8217;offrir une transparence jusque dans les porti\u00e8res !<\/p>\n<p><a href=\"http:\/\/lignesauto.fr\/?attachment_id=9538\" rel=\"attachment wp-att-9538\"><img loading=\"lazy\" decoding=\"async\" class=\"alignnone wp-image-9538 size-large\" src=\"http:\/\/lignesauto.fr\/wp-content\/uploads\/2019\/05\/LIGNES19_09-1024x576.jpg\" alt=\"\" width=\"1024\" height=\"576\" srcset=\"https:\/\/lignesauto.fr\/wp-content\/uploads\/2019\/05\/LIGNES19_09-1024x576.jpg 1024w, https:\/\/lignesauto.fr\/wp-content\/uploads\/2019\/05\/LIGNES19_09-300x169.jpg 300w, https:\/\/lignesauto.fr\/wp-content\/uploads\/2019\/05\/LIGNES19_09-768x432.jpg 768w, https:\/\/lignesauto.fr\/wp-content\/uploads\/2019\/05\/LIGNES19_09-370x208.jpg 370w, https:\/\/lignesauto.fr\/wp-content\/uploads\/2019\/05\/LIGNES19_09-1040x585.jpg 1040w, https:\/\/lignesauto.fr\/wp-content\/uploads\/2019\/05\/LIGNES19_09.jpg 1417w\" sizes=\"(max-width: 1024px) 100vw, 1024px\" \/><\/a><\/p>\n<p>Citro\u00ebn C-Airplay (2005) ci-dessous<\/p>\n<p><a href=\"http:\/\/lignesauto.fr\/?attachment_id=9552\" rel=\"attachment wp-att-9552\"><img loading=\"lazy\" decoding=\"async\" class=\"alignnone wp-image-9552 size-large\" src=\"http:\/\/lignesauto.fr\/wp-content\/uploads\/2019\/05\/LIGNES19_23-1024x683.jpg\" alt=\"\" width=\"1024\" height=\"683\" srcset=\"https:\/\/lignesauto.fr\/wp-content\/uploads\/2019\/05\/LIGNES19_23-1024x683.jpg 1024w, https:\/\/lignesauto.fr\/wp-content\/uploads\/2019\/05\/LIGNES19_23-300x200.jpg 300w, https:\/\/lignesauto.fr\/wp-content\/uploads\/2019\/05\/LIGNES19_23-768x512.jpg 768w, https:\/\/lignesauto.fr\/wp-content\/uploads\/2019\/05\/LIGNES19_23-370x247.jpg 370w, https:\/\/lignesauto.fr\/wp-content\/uploads\/2019\/05\/LIGNES19_23-1040x694.jpg 1040w, https:\/\/lignesauto.fr\/wp-content\/uploads\/2019\/05\/LIGNES19_23.jpg 1417w\" sizes=\"(max-width: 1024px) 100vw, 1024px\" \/><\/a><\/p>\n<p><a href=\"http:\/\/lignesauto.fr\/?attachment_id=9553\" rel=\"attachment wp-att-9553\"><img loading=\"lazy\" decoding=\"async\" class=\"alignnone wp-image-9553 size-large\" src=\"http:\/\/lignesauto.fr\/wp-content\/uploads\/2019\/05\/LIGNES19_24-1024x680.jpg\" alt=\"\" width=\"1024\" height=\"680\" srcset=\"https:\/\/lignesauto.fr\/wp-content\/uploads\/2019\/05\/LIGNES19_24-1024x680.jpg 1024w, https:\/\/lignesauto.fr\/wp-content\/uploads\/2019\/05\/LIGNES19_24-300x199.jpg 300w, https:\/\/lignesauto.fr\/wp-content\/uploads\/2019\/05\/LIGNES19_24-768x510.jpg 768w, https:\/\/lignesauto.fr\/wp-content\/uploads\/2019\/05\/LIGNES19_24-370x246.jpg 370w, https:\/\/lignesauto.fr\/wp-content\/uploads\/2019\/05\/LIGNES19_24-1040x691.jpg 1040w, https:\/\/lignesauto.fr\/wp-content\/uploads\/2019\/05\/LIGNES19_24.jpg 1417w\" sizes=\"(max-width: 1024px) 100vw, 1024px\" \/><\/a><\/p>\n<p><a href=\"http:\/\/lignesauto.fr\/?attachment_id=9551\" rel=\"attachment wp-att-9551\"><img loading=\"lazy\" decoding=\"async\" class=\"alignnone wp-image-9551 size-large\" src=\"http:\/\/lignesauto.fr\/wp-content\/uploads\/2019\/05\/LIGNES19_22-1024x684.jpg\" alt=\"\" width=\"1024\" height=\"684\" srcset=\"https:\/\/lignesauto.fr\/wp-content\/uploads\/2019\/05\/LIGNES19_22-1024x684.jpg 1024w, https:\/\/lignesauto.fr\/wp-content\/uploads\/2019\/05\/LIGNES19_22-300x200.jpg 300w, https:\/\/lignesauto.fr\/wp-content\/uploads\/2019\/05\/LIGNES19_22-768x513.jpg 768w, https:\/\/lignesauto.fr\/wp-content\/uploads\/2019\/05\/LIGNES19_22-370x247.jpg 370w, https:\/\/lignesauto.fr\/wp-content\/uploads\/2019\/05\/LIGNES19_22-1040x695.jpg 1040w, https:\/\/lignesauto.fr\/wp-content\/uploads\/2019\/05\/LIGNES19_22.jpg 1417w\" sizes=\"(max-width: 1024px) 100vw, 1024px\" \/><\/a><\/p>\n<p>&nbsp;<\/p>\n<h3><strong>Dossier en \u00e9lastiques tendus<\/strong><\/h3>\n<p><a href=\"http:\/\/lignesauto.fr\/?attachment_id=9701\" rel=\"attachment wp-att-9701\"><img loading=\"lazy\" decoding=\"async\" class=\"alignnone wp-image-9701 size-large\" src=\"http:\/\/lignesauto.fr\/wp-content\/uploads\/2019\/05\/LIGNES19_013-1024x683.jpg\" alt=\"\" width=\"1024\" height=\"683\" srcset=\"https:\/\/lignesauto.fr\/wp-content\/uploads\/2019\/05\/LIGNES19_013-1024x683.jpg 1024w, https:\/\/lignesauto.fr\/wp-content\/uploads\/2019\/05\/LIGNES19_013-300x200.jpg 300w, https:\/\/lignesauto.fr\/wp-content\/uploads\/2019\/05\/LIGNES19_013-768x512.jpg 768w, https:\/\/lignesauto.fr\/wp-content\/uploads\/2019\/05\/LIGNES19_013-370x247.jpg 370w, https:\/\/lignesauto.fr\/wp-content\/uploads\/2019\/05\/LIGNES19_013-1040x694.jpg 1040w, https:\/\/lignesauto.fr\/wp-content\/uploads\/2019\/05\/LIGNES19_013.jpg 1701w\" sizes=\"(max-width: 1024px) 100vw, 1024px\" \/><\/a><\/p>\n<p>Afin de ne pas g\u00eaner la transparence que l&#8217;on observe de la proue \u00e0 la poupe du concept-car 19_19, ses designers ont dot\u00e9 la banquette arri\u00e8re (digne d&#8217;un sofa) d&#8217;un dossier tr\u00e8s &#8220;transparent&#8221; lui aussi puisqu&#8217;il est constitu\u00e9 d&#8217;\u00e9lastiques tendus, une astuce \u00e9l\u00e9gante qui permet de pouvoir \u00e9galement aller chercher des objets pos\u00e9s au sommet du coffre. C&#8217;est un principe que l&#8217;on a d\u00e9couvert \u00e9galement sur le concept-car Renault Captur (ci-dessous) d\u00e9voil\u00e9 au salon de Gen\u00e8ve en 2011.<\/p>\n<p><a href=\"http:\/\/lignesauto.fr\/?attachment_id=9596\" rel=\"attachment wp-att-9596\"><img loading=\"lazy\" decoding=\"async\" class=\"alignnone wp-image-9596 size-large\" src=\"http:\/\/lignesauto.fr\/wp-content\/uploads\/2019\/05\/LIGNESAUTOCAPTUR01-1024x640.jpg\" alt=\"\" width=\"1024\" height=\"640\" srcset=\"https:\/\/lignesauto.fr\/wp-content\/uploads\/2019\/05\/LIGNESAUTOCAPTUR01-1024x640.jpg 1024w, https:\/\/lignesauto.fr\/wp-content\/uploads\/2019\/05\/LIGNESAUTOCAPTUR01-300x188.jpg 300w, https:\/\/lignesauto.fr\/wp-content\/uploads\/2019\/05\/LIGNESAUTOCAPTUR01-768x480.jpg 768w, https:\/\/lignesauto.fr\/wp-content\/uploads\/2019\/05\/LIGNESAUTOCAPTUR01-370x231.jpg 370w, https:\/\/lignesauto.fr\/wp-content\/uploads\/2019\/05\/LIGNESAUTOCAPTUR01-1040x650.jpg 1040w, https:\/\/lignesauto.fr\/wp-content\/uploads\/2019\/05\/LIGNESAUTOCAPTUR01.jpg 1417w\" sizes=\"(max-width: 1024px) 100vw, 1024px\" \/><\/a><\/p>\n<p><a href=\"http:\/\/lignesauto.fr\/?attachment_id=9595\" rel=\"attachment wp-att-9595\"><img loading=\"lazy\" decoding=\"async\" class=\"alignnone wp-image-9595 size-large\" src=\"http:\/\/lignesauto.fr\/wp-content\/uploads\/2019\/05\/LIGNESAUTOCAPTUR02-1024x640.jpg\" alt=\"\" width=\"1024\" height=\"640\" srcset=\"https:\/\/lignesauto.fr\/wp-content\/uploads\/2019\/05\/LIGNESAUTOCAPTUR02-1024x640.jpg 1024w, https:\/\/lignesauto.fr\/wp-content\/uploads\/2019\/05\/LIGNESAUTOCAPTUR02-300x188.jpg 300w, https:\/\/lignesauto.fr\/wp-content\/uploads\/2019\/05\/LIGNESAUTOCAPTUR02-768x480.jpg 768w, https:\/\/lignesauto.fr\/wp-content\/uploads\/2019\/05\/LIGNESAUTOCAPTUR02-370x231.jpg 370w, https:\/\/lignesauto.fr\/wp-content\/uploads\/2019\/05\/LIGNESAUTOCAPTUR02-1040x650.jpg 1040w, https:\/\/lignesauto.fr\/wp-content\/uploads\/2019\/05\/LIGNESAUTOCAPTUR02.jpg 1417w\" sizes=\"(max-width: 1024px) 100vw, 1024px\" \/><\/a><\/p>\n<p><a href=\"http:\/\/lignesauto.fr\/?attachment_id=9597\" rel=\"attachment wp-att-9597\"><img loading=\"lazy\" decoding=\"async\" class=\"alignnone wp-image-9597 size-large\" src=\"http:\/\/lignesauto.fr\/wp-content\/uploads\/2019\/05\/LIGNESAUTOCAPTUR03-1024x640.jpg\" alt=\"\" width=\"1024\" height=\"640\" srcset=\"https:\/\/lignesauto.fr\/wp-content\/uploads\/2019\/05\/LIGNESAUTOCAPTUR03-1024x640.jpg 1024w, https:\/\/lignesauto.fr\/wp-content\/uploads\/2019\/05\/LIGNESAUTOCAPTUR03-300x188.jpg 300w, https:\/\/lignesauto.fr\/wp-content\/uploads\/2019\/05\/LIGNESAUTOCAPTUR03-768x480.jpg 768w, https:\/\/lignesauto.fr\/wp-content\/uploads\/2019\/05\/LIGNESAUTOCAPTUR03-370x231.jpg 370w, https:\/\/lignesauto.fr\/wp-content\/uploads\/2019\/05\/LIGNESAUTOCAPTUR03-1040x650.jpg 1040w, https:\/\/lignesauto.fr\/wp-content\/uploads\/2019\/05\/LIGNESAUTOCAPTUR03.jpg 1417w\" sizes=\"(max-width: 1024px) 100vw, 1024px\" \/><\/a><\/p>\n<h3><\/h3>\n<h3><strong>Si\u00e8ge conducteur&#8230; diff\u00e9rent !<\/strong><\/h3>\n<p>Chaque si\u00e8ge de la Citro\u00ebn 19_19 est diff\u00e9rent :<br \/>\n&#8211; d\u00e9di\u00e9 \u00e0 la conduite pour le&#8230; conducteur,<br \/>\n&#8211; d\u00e9di\u00e9 \u00e0 la relaxation pour le passager avec une M\u00e9ridienne,<br \/>\n&#8211; ultra-confort \u00e0 l&#8217;arri\u00e8re avec un v\u00e9ritable sofa moelleux.<\/p>\n<p><a href=\"http:\/\/lignesauto.fr\/?attachment_id=9703\" rel=\"attachment wp-att-9703\"><img loading=\"lazy\" decoding=\"async\" class=\"alignnone wp-image-9703 size-large\" src=\"http:\/\/lignesauto.fr\/wp-content\/uploads\/2019\/05\/LIGNES19_031-1024x832.png\" alt=\"\" width=\"1024\" height=\"832\" srcset=\"https:\/\/lignesauto.fr\/wp-content\/uploads\/2019\/05\/LIGNES19_031-1024x832.png 1024w, https:\/\/lignesauto.fr\/wp-content\/uploads\/2019\/05\/LIGNES19_031-300x244.png 300w, https:\/\/lignesauto.fr\/wp-content\/uploads\/2019\/05\/LIGNES19_031-768x624.png 768w, https:\/\/lignesauto.fr\/wp-content\/uploads\/2019\/05\/LIGNES19_031-370x301.png 370w, https:\/\/lignesauto.fr\/wp-content\/uploads\/2019\/05\/LIGNES19_031-1040x845.png 1040w, https:\/\/lignesauto.fr\/wp-content\/uploads\/2019\/05\/LIGNES19_031.png 1134w\" sizes=\"(max-width: 1024px) 100vw, 1024px\" \/><\/a><\/p>\n<p><a href=\"http:\/\/lignesauto.fr\/?attachment_id=9555\" rel=\"attachment wp-att-9555\"><img loading=\"lazy\" decoding=\"async\" class=\"alignnone wp-image-9555 size-large\" src=\"http:\/\/lignesauto.fr\/wp-content\/uploads\/2019\/05\/LIGNES19_26-1024x921.jpg\" alt=\"\" width=\"1024\" height=\"921\" srcset=\"https:\/\/lignesauto.fr\/wp-content\/uploads\/2019\/05\/LIGNES19_26-1024x921.jpg 1024w, https:\/\/lignesauto.fr\/wp-content\/uploads\/2019\/05\/LIGNES19_26-300x270.jpg 300w, https:\/\/lignesauto.fr\/wp-content\/uploads\/2019\/05\/LIGNES19_26-768x691.jpg 768w, https:\/\/lignesauto.fr\/wp-content\/uploads\/2019\/05\/LIGNES19_26-370x333.jpg 370w, https:\/\/lignesauto.fr\/wp-content\/uploads\/2019\/05\/LIGNES19_26-1040x936.jpg 1040w, https:\/\/lignesauto.fr\/wp-content\/uploads\/2019\/05\/LIGNES19_26.jpg 1417w\" sizes=\"(max-width: 1024px) 100vw, 1024px\" \/><\/a><\/p>\n<p>La recherche esth\u00e9tique pour am\u00e9liorer \u00e9galement le confort a \u00e9t\u00e9 l&#8217;un des travaux prioritaires des \u00e9quipes de Michel Harmand dans les ann\u00e9es 1970 et 1980. On voit ci-dessus une \u00e9tude de si\u00e8ge pour la Citro\u00ebn BX \u00e0 la fin des ann\u00e9es 1970. Une fois encore, c&#8217;est du centre de style Citro\u00ebn que proviennent ces id\u00e9es que certains jugeaient farfelues mais qui \u00e9taient au contraire tr\u00e8s avant-gardistes. Le concept-car 19_19 trouve ici une l\u00e9gitimit\u00e9 parfaite et servira \u00e0 son tour de r\u00e9servoir \u00e0 audaces, dans lequel les futurs designers pourront puiser \u00e0 volont\u00e9 !<\/p>\n<p>RETROUVEZ CE CONCEPT-CARS ET PRES DE 70 CONCEPTS ET PROTOTYPES D&#8217;ETUDES DANS L&#8217;OUVRAGE <strong>&#8220;CONCEPT-CARS CITRO\u00cbN&#8221;<\/strong>, PARUTION : DEBUT JUILLET. Editions BJB. SOUSCRIPTION A PRIX PREFERENTIEL (70 \u20ac au lieu de 89 \u20ac) ET SOMMAIRE ICI:\u00a0<a href=\"http:\/\/lignesauto.fr\/?p=9365\">http:\/\/lignesauto.fr\/?p=9365<\/a>\u00a0 ou\u00a0<a href=\"https:\/\/www.bjbeditions.com\">https:\/\/www.bjbeditions.com<\/a><br \/>\nBON DE SOUSCRIPTION VALABLE JUSQU&#8217;A FIN JUIN ICI :\u00a0<a href=\"http:\/\/lignesauto.fr\/?attachment_id=9413\" rel=\"attachment wp-att-9413\">souscription BJB.DEF<\/a><\/p>\n<h3><strong>LIGNES\/auto, c&#8217;est aussi une page Facebook<\/strong><\/h3>\n<p><a href=\"https:\/\/www.facebook.com\/lignesauto\/?modal=admin_todo_tour\">https:\/\/www.facebook.com\/lignesauto\/?modal=admin_todo_tour<\/a><\/p>\n<p>&nbsp;<\/p>\n<p><a href=\"http:\/\/lignesauto.fr\/wp-content\/uploads\/2018\/10\/LOGOActus_BD.jpg\"><img loading=\"lazy\" decoding=\"async\" class=\"alignnone size-medium wp-image-4921\" src=\"http:\/\/lignesauto.fr\/wp-content\/uploads\/2018\/10\/LOGOActus_BD-300x108.jpg\" alt=\"\" width=\"300\" height=\"108\" srcset=\"https:\/\/lignesauto.fr\/wp-content\/uploads\/2018\/10\/LOGOActus_BD-300x108.jpg 300w, https:\/\/lignesauto.fr\/wp-content\/uploads\/2018\/10\/LOGOActus_BD-768x276.jpg 768w, https:\/\/lignesauto.fr\/wp-content\/uploads\/2018\/10\/LOGOActus_BD-1024x367.jpg 1024w, https:\/\/lignesauto.fr\/wp-content\/uploads\/2018\/10\/LOGOActus_BD-370x133.jpg 370w, https:\/\/lignesauto.fr\/wp-content\/uploads\/2018\/10\/LOGOActus_BD-1040x373.jpg 1040w, https:\/\/lignesauto.fr\/wp-content\/uploads\/2018\/10\/LOGOActus_BD.jpg 1240w\" sizes=\"(max-width: 300px) 100vw, 300px\" \/><\/a><\/p>\n","protected":false},"excerpt":{"rendered":"<p>Une capsule sur roues, une gueule incroyable, un habitacle multi-sensoriel, une vision panoramique&#8230; La voiture ultra-confort de demain vue par Citro\u00ebn est-elle un OVNI plan\u00e9taire o\u00f9 a-t-elle d\u00e9j\u00e0 \u00e9t\u00e9 vue ? Voici quelques r\u00e9flexions sur des th\u00e8mes mis en avant sur le concept 19_19 qui ont d\u00e9j\u00e0 \u00e9t\u00e9 un peu [&hellip;]<\/p>\n","protected":false},"author":1,"featured_media":9834,"comment_status":"open","ping_status":"open","sticky":false,"template":"","format":"standard","meta":{"footnotes":""},"categories":[1],"tags":[],"_links":{"self":[{"href":"https:\/\/lignesauto.fr\/index.php?rest_route=\/wp\/v2\/posts\/9529"}],"collection":[{"href":"https:\/\/lignesauto.fr\/index.php?rest_route=\/wp\/v2\/posts"}],"about":[{"href":"https:\/\/lignesauto.fr\/index.php?rest_route=\/wp\/v2\/types\/post"}],"author":[{"embeddable":true,"href":"https:\/\/lignesauto.fr\/index.php?rest_route=\/wp\/v2\/users\/1"}],"replies":[{"embeddable":true,"href":"https:\/\/lignesauto.fr\/index.php?rest_route=%2Fwp%2Fv2%2Fcomments&post=9529"}],"version-history":[{"count":26,"href":"https:\/\/lignesauto.fr\/index.php?rest_route=\/wp\/v2\/posts\/9529\/revisions"}],"predecessor-version":[{"id":9845,"href":"https:\/\/lignesauto.fr\/index.php?rest_route=\/wp\/v2\/posts\/9529\/revisions\/9845"}],"wp:featuredmedia":[{"embeddable":true,"href":"https:\/\/lignesauto.fr\/index.php?rest_route=\/wp\/v2\/media\/9834"}],"wp:attachment":[{"href":"https:\/\/lignesauto.fr\/index.php?rest_route=%2Fwp%2Fv2%2Fmedia&parent=9529"}],"wp:term":[{"taxonomy":"category","embeddable":true,"href":"https:\/\/lignesauto.fr\/index.php?rest_route=%2Fwp%2Fv2%2Fcategories&post=9529"},{"taxonomy":"post_tag","embeddable":true,"href":"https:\/\/lignesauto.fr\/index.php?rest_route=%2Fwp%2Fv2%2Ftags&post=9529"}],"curies":[{"name":"wp","href":"https:\/\/api.w.org\/{rel}","templated":true}]}}