{"id":9635,"date":"2019-05-09T08:13:01","date_gmt":"2019-05-09T06:13:01","guid":{"rendered":"http:\/\/lignesauto.fr\/?p=9635"},"modified":"2019-05-09T08:13:01","modified_gmt":"2019-05-09T06:13:01","slug":"vw-id-3-aussi-capitale-que-la-coccinelle-et-la-golf","status":"publish","type":"post","link":"https:\/\/lignesauto.fr\/?p=9635","title":{"rendered":"VW ID.3 : aussi capitale que la Coccinelle et la Golf !"},"content":{"rendered":"<p><a href=\"http:\/\/lignesauto.fr\/wp-content\/uploads\/2018\/10\/LOGOActus_BD.jpg\"><img loading=\"lazy\" decoding=\"async\" class=\"alignnone size-medium wp-image-4921\" src=\"http:\/\/lignesauto.fr\/wp-content\/uploads\/2018\/10\/LOGOActus_BD-300x108.jpg\" alt=\"\" width=\"300\" height=\"108\" srcset=\"https:\/\/lignesauto.fr\/wp-content\/uploads\/2018\/10\/LOGOActus_BD-300x108.jpg 300w, https:\/\/lignesauto.fr\/wp-content\/uploads\/2018\/10\/LOGOActus_BD-768x276.jpg 768w, https:\/\/lignesauto.fr\/wp-content\/uploads\/2018\/10\/LOGOActus_BD-1024x367.jpg 1024w, https:\/\/lignesauto.fr\/wp-content\/uploads\/2018\/10\/LOGOActus_BD-370x133.jpg 370w, https:\/\/lignesauto.fr\/wp-content\/uploads\/2018\/10\/LOGOActus_BD-1040x373.jpg 1040w, https:\/\/lignesauto.fr\/wp-content\/uploads\/2018\/10\/LOGOActus_BD.jpg 1240w\" sizes=\"(max-width: 300px) 100vw, 300px\" \/><\/a><\/p>\n<p>Vous attendiez la nouvelle g\u00e9n\u00e9ration de Golf, la huiti\u00e8me pour \u00eatre pr\u00e9cis ?\u00a0Rat\u00e9 ! Il y a d\u00e9sormais chez VW bien plus important que celle qui, en 1974, embarquait le groupe dans une sacr\u00e9e mutation !<\/p>\n<p><a href=\"http:\/\/lignesauto.fr\/?attachment_id=9640\" rel=\"attachment wp-att-9640\"><img loading=\"lazy\" decoding=\"async\" class=\"alignnone wp-image-9640 size-large\" src=\"http:\/\/lignesauto.fr\/wp-content\/uploads\/2019\/05\/LIGNESID3_04-1024x724.jpg\" alt=\"\" width=\"1024\" height=\"724\" srcset=\"https:\/\/lignesauto.fr\/wp-content\/uploads\/2019\/05\/LIGNESID3_04-1024x724.jpg 1024w, https:\/\/lignesauto.fr\/wp-content\/uploads\/2019\/05\/LIGNESID3_04-300x212.jpg 300w, https:\/\/lignesauto.fr\/wp-content\/uploads\/2019\/05\/LIGNESID3_04-768x543.jpg 768w, https:\/\/lignesauto.fr\/wp-content\/uploads\/2019\/05\/LIGNESID3_04-370x262.jpg 370w, https:\/\/lignesauto.fr\/wp-content\/uploads\/2019\/05\/LIGNESID3_04-1040x735.jpg 1040w, https:\/\/lignesauto.fr\/wp-content\/uploads\/2019\/05\/LIGNESID3_04.jpg 1417w\" sizes=\"(max-width: 1024px) 100vw, 1024px\" \/><\/a><\/p>\n<p>Volkswagen a officialis\u00e9 la pr\u00e9sentation de son premier enfant de sa nouvelle famille I.D. pour le salon de Francfort en septembre prochain. Cette berline compacte, du format de la Golf et 100% \u00e9lectrique prendra l&#8217;appellation de ID.3. \u00a0Le chiffre 3 est significatif \u00e0 deux \u00e9gards. D&#8217;une part, il indique l&#8217;ID. comme appartenant au segment compact. D&#8217;autre part, l&#8217;ID.3 suit la Coccinelle et la Golf pour introduire le troisi\u00e8me chapitre majeur d&#8217;importance strat\u00e9gique pour l&#8217;histoire de la marque.<\/p>\n<p><a href=\"http:\/\/lignesauto.fr\/?attachment_id=9639\" rel=\"attachment wp-att-9639\"><img loading=\"lazy\" decoding=\"async\" class=\"alignnone wp-image-9639 size-large\" src=\"http:\/\/lignesauto.fr\/wp-content\/uploads\/2019\/05\/LIGNESID3_03-1024x724.jpg\" alt=\"\" width=\"1024\" height=\"724\" srcset=\"https:\/\/lignesauto.fr\/wp-content\/uploads\/2019\/05\/LIGNESID3_03-1024x724.jpg 1024w, https:\/\/lignesauto.fr\/wp-content\/uploads\/2019\/05\/LIGNESID3_03-300x212.jpg 300w, https:\/\/lignesauto.fr\/wp-content\/uploads\/2019\/05\/LIGNESID3_03-768x543.jpg 768w, https:\/\/lignesauto.fr\/wp-content\/uploads\/2019\/05\/LIGNESID3_03-370x262.jpg 370w, https:\/\/lignesauto.fr\/wp-content\/uploads\/2019\/05\/LIGNESID3_03-1040x735.jpg 1040w, https:\/\/lignesauto.fr\/wp-content\/uploads\/2019\/05\/LIGNESID3_03.jpg 1417w\" sizes=\"(max-width: 1024px) 100vw, 1024px\" \/><\/a><\/p>\n<p><em>&#8220;L&#8217;ID.3 est dans un segment qui est au c\u0153ur de la marque Volkswagen, o\u00f9 l&#8217;on retrouve la majorit\u00e9 des mod\u00e8les qui ont g\u00e9n\u00e9r\u00e9 un grand volume de ventes. Le chiffre 3 indique \u00e9galement la possibilit\u00e9 d&#8217;expansion dans les segments sup\u00e9rieurs et inf\u00e9rieurs. Nous avons beaucoup \u00e0 faire&#8221;<\/em>, d\u00e9clare J\u00fcrgen Stackmann, membre du Directoire de Volkswagen Brand for Sales, Marketing &amp; After Sales.<\/p>\n<p><a href=\"http:\/\/lignesauto.fr\/?attachment_id=9638\" rel=\"attachment wp-att-9638\"><img loading=\"lazy\" decoding=\"async\" class=\"alignnone wp-image-9638 size-large\" src=\"http:\/\/lignesauto.fr\/wp-content\/uploads\/2019\/05\/LIGNESID3_02-1024x724.jpg\" alt=\"\" width=\"1024\" height=\"724\" srcset=\"https:\/\/lignesauto.fr\/wp-content\/uploads\/2019\/05\/LIGNESID3_02-1024x724.jpg 1024w, https:\/\/lignesauto.fr\/wp-content\/uploads\/2019\/05\/LIGNESID3_02-300x212.jpg 300w, https:\/\/lignesauto.fr\/wp-content\/uploads\/2019\/05\/LIGNESID3_02-768x543.jpg 768w, https:\/\/lignesauto.fr\/wp-content\/uploads\/2019\/05\/LIGNESID3_02-370x262.jpg 370w, https:\/\/lignesauto.fr\/wp-content\/uploads\/2019\/05\/LIGNESID3_02-1040x735.jpg 1040w, https:\/\/lignesauto.fr\/wp-content\/uploads\/2019\/05\/LIGNESID3_02.jpg 1417w\" sizes=\"(max-width: 1024px) 100vw, 1024px\" \/><\/a><\/p>\n<p>VW est pr\u00eate \u00e0 devenir la premi\u00e8re marque mondiale, d&#8217;ici 2025, avec plus de 20 mod\u00e8les 100% \u00e9lectriques et plus d&#8217;un million de v\u00e9hicules vendus chaque ann\u00e9e. Les mod\u00e8les ID, repr\u00e9sentent une nouvelle famille de produits dans le groupe. Alors qu&#8217;autrefois la Coccinelle mobilisait les masses et que la Golf, en tant que leader de sa cat\u00e9gorie, pr\u00e9sentait de grandes innovations \u00e0 chaque g\u00e9n\u00e9ration, la ID. rendra l&#8217;e-mobilit\u00e9 accessible \u00e0 un large \u00e9ventail de clients.<\/p>\n<p><a href=\"http:\/\/lignesauto.fr\/?attachment_id=9235\" rel=\"attachment wp-att-9235\"><img loading=\"lazy\" decoding=\"async\" class=\"alignnone wp-image-9235 size-large\" src=\"http:\/\/lignesauto.fr\/wp-content\/uploads\/2019\/04\/DB2019AU00469_large-1024x381.jpg\" alt=\"\" width=\"1024\" height=\"381\" srcset=\"https:\/\/lignesauto.fr\/wp-content\/uploads\/2019\/04\/DB2019AU00469_large-1024x381.jpg 1024w, https:\/\/lignesauto.fr\/wp-content\/uploads\/2019\/04\/DB2019AU00469_large-300x112.jpg 300w, https:\/\/lignesauto.fr\/wp-content\/uploads\/2019\/04\/DB2019AU00469_large-768x286.jpg 768w, https:\/\/lignesauto.fr\/wp-content\/uploads\/2019\/04\/DB2019AU00469_large-370x138.jpg 370w, https:\/\/lignesauto.fr\/wp-content\/uploads\/2019\/04\/DB2019AU00469_large-1040x387.jpg 1040w, https:\/\/lignesauto.fr\/wp-content\/uploads\/2019\/04\/DB2019AU00469_large.jpg 1417w\" sizes=\"(max-width: 1024px) 100vw, 1024px\" \/><\/a><\/p>\n<p>Le nom ID. est synonyme de design intelligent, d&#8217;identit\u00e9 et de technologies visionnaires.\u00a0Apr\u00e8s le lancement de l&#8217;ID.3, d&#8217;autres mod\u00e8les seront commercialis\u00e9s, tels que ceux pr\u00e9sent\u00e9s en avant-premi\u00e8re par les concept-cars ID. CROZZ, ID. VIZZZION et ID. ROOMZZZ. La pr\u00e9sentation de la 8e g\u00e9n\u00e9ration de Golf devrait quant \u00e0 elle suivre avant la fin de cette ann\u00e9e 2019, pour une commercialisation en 2020.<\/p>\n<p><a href=\"http:\/\/lignesauto.fr\/wp-content\/uploads\/2018\/10\/LOGOActus_BD.jpg\"><img loading=\"lazy\" decoding=\"async\" class=\"alignnone size-medium wp-image-4921\" src=\"http:\/\/lignesauto.fr\/wp-content\/uploads\/2018\/10\/LOGOActus_BD-300x108.jpg\" alt=\"\" width=\"300\" height=\"108\" srcset=\"https:\/\/lignesauto.fr\/wp-content\/uploads\/2018\/10\/LOGOActus_BD-300x108.jpg 300w, https:\/\/lignesauto.fr\/wp-content\/uploads\/2018\/10\/LOGOActus_BD-768x276.jpg 768w, https:\/\/lignesauto.fr\/wp-content\/uploads\/2018\/10\/LOGOActus_BD-1024x367.jpg 1024w, https:\/\/lignesauto.fr\/wp-content\/uploads\/2018\/10\/LOGOActus_BD-370x133.jpg 370w, https:\/\/lignesauto.fr\/wp-content\/uploads\/2018\/10\/LOGOActus_BD-1040x373.jpg 1040w, https:\/\/lignesauto.fr\/wp-content\/uploads\/2018\/10\/LOGOActus_BD.jpg 1240w\" sizes=\"(max-width: 300px) 100vw, 300px\" \/><\/a><\/p>\n","protected":false},"excerpt":{"rendered":"<p>Vous attendiez la nouvelle g\u00e9n\u00e9ration de Golf, la huiti\u00e8me pour \u00eatre pr\u00e9cis ?\u00a0Rat\u00e9 ! Il y a d\u00e9sormais chez VW bien plus important que celle qui, en 1974, embarquait le groupe dans une sacr\u00e9e mutation ! Volkswagen a officialis\u00e9 la pr\u00e9sentation de son premier enfant de sa nouvelle famille I.D. [&hellip;]<\/p>\n","protected":false},"author":1,"featured_media":9637,"comment_status":"open","ping_status":"open","sticky":false,"template":"","format":"standard","meta":{"footnotes":""},"categories":[1],"tags":[],"_links":{"self":[{"href":"https:\/\/lignesauto.fr\/index.php?rest_route=\/wp\/v2\/posts\/9635"}],"collection":[{"href":"https:\/\/lignesauto.fr\/index.php?rest_route=\/wp\/v2\/posts"}],"about":[{"href":"https:\/\/lignesauto.fr\/index.php?rest_route=\/wp\/v2\/types\/post"}],"author":[{"embeddable":true,"href":"https:\/\/lignesauto.fr\/index.php?rest_route=\/wp\/v2\/users\/1"}],"replies":[{"embeddable":true,"href":"https:\/\/lignesauto.fr\/index.php?rest_route=%2Fwp%2Fv2%2Fcomments&post=9635"}],"version-history":[{"count":6,"href":"https:\/\/lignesauto.fr\/index.php?rest_route=\/wp\/v2\/posts\/9635\/revisions"}],"predecessor-version":[{"id":9645,"href":"https:\/\/lignesauto.fr\/index.php?rest_route=\/wp\/v2\/posts\/9635\/revisions\/9645"}],"wp:featuredmedia":[{"embeddable":true,"href":"https:\/\/lignesauto.fr\/index.php?rest_route=\/wp\/v2\/media\/9637"}],"wp:attachment":[{"href":"https:\/\/lignesauto.fr\/index.php?rest_route=%2Fwp%2Fv2%2Fmedia&parent=9635"}],"wp:term":[{"taxonomy":"category","embeddable":true,"href":"https:\/\/lignesauto.fr\/index.php?rest_route=%2Fwp%2Fv2%2Fcategories&post=9635"},{"taxonomy":"post_tag","embeddable":true,"href":"https:\/\/lignesauto.fr\/index.php?rest_route=%2Fwp%2Fv2%2Ftags&post=9635"}],"curies":[{"name":"wp","href":"https:\/\/api.w.org\/{rel}","templated":true}]}}