{"id":9652,"date":"2019-05-09T09:40:10","date_gmt":"2019-05-09T07:40:10","guid":{"rendered":"http:\/\/lignesauto.fr\/?p=9652"},"modified":"2019-05-09T09:42:39","modified_gmt":"2019-05-09T07:42:39","slug":"quand-klaus-bischoff-parle-de-ses-id","status":"publish","type":"post","link":"https:\/\/lignesauto.fr\/?p=9652","title":{"rendered":"Quand Klaus Bischoff parle de ses ID."},"content":{"rendered":"<p><a href=\"http:\/\/lignesauto.fr\/wp-content\/uploads\/2018\/10\/LOGOActus_BD.jpg\"><img loading=\"lazy\" decoding=\"async\" class=\"alignnone size-medium wp-image-4921\" src=\"http:\/\/lignesauto.fr\/wp-content\/uploads\/2018\/10\/LOGOActus_BD-300x108.jpg\" alt=\"\" width=\"300\" height=\"108\" srcset=\"https:\/\/lignesauto.fr\/wp-content\/uploads\/2018\/10\/LOGOActus_BD-300x108.jpg 300w, https:\/\/lignesauto.fr\/wp-content\/uploads\/2018\/10\/LOGOActus_BD-768x276.jpg 768w, https:\/\/lignesauto.fr\/wp-content\/uploads\/2018\/10\/LOGOActus_BD-1024x367.jpg 1024w, https:\/\/lignesauto.fr\/wp-content\/uploads\/2018\/10\/LOGOActus_BD-370x133.jpg 370w, https:\/\/lignesauto.fr\/wp-content\/uploads\/2018\/10\/LOGOActus_BD-1040x373.jpg 1040w, https:\/\/lignesauto.fr\/wp-content\/uploads\/2018\/10\/LOGOActus_BD.jpg 1240w\" sizes=\"(max-width: 300px) 100vw, 300px\" \/><\/a><\/p>\n<p>Il s&#8217;agit d&#8217;une interview du patron du design VW, r\u00e9alis\u00e9e par la com&#8217; VW. Une fois \u00e9dulcor\u00e9e, elle r\u00e9v\u00e8le quelques informations sur cette nouvelle famille ID., notamment sur la notion de &#8220;son&#8221; \u00e0 bord et \u00e0 l&#8217;ext\u00e9rieur de ces voitures plut\u00f4t silencieuses. Le premier enfant sera d\u00e9voil\u00e9 \u00e0 Francfort : ID.3.<\/p>\n<p><a href=\"http:\/\/lignesauto.fr\/?attachment_id=9628\" rel=\"attachment wp-att-9628\"><img loading=\"lazy\" decoding=\"async\" class=\"alignnone wp-image-9628 size-large\" src=\"http:\/\/lignesauto.fr\/wp-content\/uploads\/2019\/05\/DB2017AU00593_full-1024x682.jpg\" alt=\"\" width=\"1024\" height=\"682\" srcset=\"https:\/\/lignesauto.fr\/wp-content\/uploads\/2019\/05\/DB2017AU00593_full-1024x682.jpg 1024w, https:\/\/lignesauto.fr\/wp-content\/uploads\/2019\/05\/DB2017AU00593_full-300x200.jpg 300w, https:\/\/lignesauto.fr\/wp-content\/uploads\/2019\/05\/DB2017AU00593_full-768x512.jpg 768w, https:\/\/lignesauto.fr\/wp-content\/uploads\/2019\/05\/DB2017AU00593_full-370x247.jpg 370w, https:\/\/lignesauto.fr\/wp-content\/uploads\/2019\/05\/DB2017AU00593_full-1040x693.jpg 1040w, https:\/\/lignesauto.fr\/wp-content\/uploads\/2019\/05\/DB2017AU00593_full.jpg 1160w\" sizes=\"(max-width: 1024px) 100vw, 1024px\" \/><\/a><\/p>\n<p>Klaus Bischoff, 57 ans, et son \u00e9quipe ont d\u00e9velopp\u00e9 le langage formel de la nouvelle famille ID. Il s&#8217;agit de la premi\u00e8re g\u00e9n\u00e9ration de voitures \u00e9lectriques du VW bas\u00e9e sur la plateforme Modular Electric Drive Toolkit (MEB).<\/p>\n<p>Klaus Bischoff est \u00e0 la t\u00eate du design Volkswagen. N\u00e9 \u00e0 Hambourg, il a commenc\u00e9 sa carri\u00e8re comme designer d&#8217;int\u00e9rieur et d&#8217;ext\u00e9rieur \u00e0 Wolfsburg en 1989. Depuis, il a \u00e9t\u00e9 responsable, entre autres, du d\u00e9veloppement de quatre s\u00e9ries de mod\u00e8les de Golf et de Passat, des SUV Touareg, Tiguan et T-Roc, du petit mod\u00e8le Up! et de l&#8217;Arteon. Mais rien n&#8217;\u00e9tait plus difficile que de travailler sur les v\u00e9hicules de la future famille ID. Bischoff, responsable du design mondial de la marque Volkswagen avec plus de 400 employ\u00e9s depuis 2007, explique ici les nouvelles opportunit\u00e9s et la libert\u00e9 qu&#8217;offre cette nouvelle \u00e8re automobile pour le design.<\/p>\n<p><strong>La mobilit\u00e9 \u00e9lectrique est en train de changer fondamentalement le travail des designers. Ce qui est particuli\u00e8rement nouveau pour vous ?<\/strong><br \/>\nK.B. : &#8220;En fait, presque tout change. Les cartes sont en train d&#8217;\u00eatre remani\u00e9es &#8211; des outils du commerce au produit lui-m\u00eame. Tout d&#8217;abord, un \u00e9l\u00e9ment qui a domin\u00e9 les lois de la conception automobile depuis le d\u00e9but &#8211; le moteur \u00e0 combustion &#8211; a \u00e9t\u00e9 soustrait de l&#8217;\u00e9quation. Cela cr\u00e9e un nouveau territoire, une nouvelle libert\u00e9 qui doit maintenant \u00eatre utilis\u00e9e. Pour un designer automobile, il n&#8217;y a rien de plus excitant.&#8221;<\/p>\n<p><a href=\"http:\/\/lignesauto.fr\/?attachment_id=9630\" rel=\"attachment wp-att-9630\"><img loading=\"lazy\" decoding=\"async\" class=\"alignnone wp-image-9630 size-full\" src=\"http:\/\/lignesauto.fr\/wp-content\/uploads\/2019\/05\/DB2019NR00173_x750.jpg\" alt=\"\" width=\"750\" height=\"422\" srcset=\"https:\/\/lignesauto.fr\/wp-content\/uploads\/2019\/05\/DB2019NR00173_x750.jpg 750w, https:\/\/lignesauto.fr\/wp-content\/uploads\/2019\/05\/DB2019NR00173_x750-300x169.jpg 300w, https:\/\/lignesauto.fr\/wp-content\/uploads\/2019\/05\/DB2019NR00173_x750-370x208.jpg 370w\" sizes=\"(max-width: 750px) 100vw, 750px\" \/><\/a><\/p>\n<p><strong>Une voiture \u00e9lectrique n&#8217;a plus de gros moteur, mais une grosse batterie dans le plancher. Qu&#8217;est-ce que cela signifie pour le design ?<\/strong><br \/>\nk.B. : &#8220;Jusqu&#8217;\u00e0 pr\u00e9sent, environ un tiers de la carrosserie du v\u00e9hicule \u00e9tait occup\u00e9 par le moteur &#8211; d&#8217;o\u00f9 le capot classique avec une calandre. Derri\u00e8re, il y avait les occupants et le coffre : un am\u00e9nagement que nous avons perfectionn\u00e9 au fil des d\u00e9cennies. Maintenant, un vide est cr\u00e9\u00e9 dans un tiers du v\u00e9hicule qui doit \u00eatre combl\u00e9. En outre, le v\u00e9hicule a maintenant une plateforme diff\u00e9rente, qui change aussi beaucoup. Par exemple vous vous asseyez plus haut dans la voiture \u00e9lectrique. Tout cela, cependant, augmente consid\u00e9rablement notre degr\u00e9 de libert\u00e9. Dans la plateforme, nous logeons la batterie et nous pouvons disposer les passagers relativement librement et adapter le reste autour d&#8217;eux. Ceci permet d&#8217;obtenir des produits aux caract\u00e8res et statures compl\u00e8tement nouveaux.&#8221;<\/p>\n<p><a href=\"http:\/\/lignesauto.fr\/?attachment_id=9646\" rel=\"attachment wp-att-9646\"><img loading=\"lazy\" decoding=\"async\" class=\"alignnone wp-image-9646 size-large\" src=\"http:\/\/lignesauto.fr\/wp-content\/uploads\/2019\/05\/B_01-1024x672.jpg\" alt=\"\" width=\"1024\" height=\"672\" srcset=\"https:\/\/lignesauto.fr\/wp-content\/uploads\/2019\/05\/B_01-1024x672.jpg 1024w, https:\/\/lignesauto.fr\/wp-content\/uploads\/2019\/05\/B_01-300x197.jpg 300w, https:\/\/lignesauto.fr\/wp-content\/uploads\/2019\/05\/B_01-768x504.jpg 768w, https:\/\/lignesauto.fr\/wp-content\/uploads\/2019\/05\/B_01-370x243.jpg 370w, https:\/\/lignesauto.fr\/wp-content\/uploads\/2019\/05\/B_01-1040x683.jpg 1040w, https:\/\/lignesauto.fr\/wp-content\/uploads\/2019\/05\/B_01.jpg 1417w\" sizes=\"(max-width: 1024px) 100vw, 1024px\" \/><\/a><\/p>\n<p><strong>La batterie en partie inf\u00e9rieure affecte \u00e9galement les caract\u00e9ristiques de conduite de la voiture. Les voitures \u00e9lectriques ont un centre de gravit\u00e9 particuli\u00e8rement bas.<\/strong><br \/>\nK.B. :&#8221;Exactement. Cela donne aussi plus de libert\u00e9 en volume int\u00e9rieur. Jusqu&#8217;\u00e0 pr\u00e9sent, il y avait toujours le tunnel central pour l&#8217;arbre moteur ou\/et la ligne d&#8217;\u00e9chappement. Cela a maintenant chang\u00e9 et cr\u00e9e des possibilit\u00e9s inimaginables dans l&#8217;am\u00e9nagement int\u00e9rieur. Gr\u00e2ce \u00e0 la num\u00e9risation et \u00e0 la connectivit\u00e9, nous pouvons cr\u00e9er de nouvelles philosophies d&#8217;exploitation, et une exp\u00e9rience de conduite compl\u00e8tement diff\u00e9rente.&#8221;<\/p>\n<p><strong>Au cours des derni\u00e8res d\u00e9cennies, la conception automobile a \u00e9t\u00e9 fortement encadr\u00e9e par les exigences de l&#8217;a\u00e9rodynamique. Les voitures \u00e9lectriques auront-elles une allure plus frappante et diff\u00e9rente ?<\/strong><br \/>\nK.B. : &#8220;Je pense que nous assisterons \u00e0 un bond en avant dans le d\u00e9veloppement du &#8220;e-design&#8221; qui correspond aux nouvelles technologies. Cette \u00e8re nous offre l&#8217;opportunit\u00e9 d&#8217;agir de mani\u00e8re plus avant-gardiste, de remettre en question les routines et d&#8217;explorer de nouveaux territoires.&#8221;<\/p>\n<p><a href=\"http:\/\/lignesauto.fr\/?attachment_id=9227\" rel=\"attachment wp-att-9227\"><img loading=\"lazy\" decoding=\"async\" class=\"alignnone wp-image-9227 size-large\" src=\"http:\/\/lignesauto.fr\/wp-content\/uploads\/2019\/04\/DB2018AL02326_large-1024x638.jpg\" alt=\"\" width=\"1024\" height=\"638\" srcset=\"https:\/\/lignesauto.fr\/wp-content\/uploads\/2019\/04\/DB2018AL02326_large-1024x638.jpg 1024w, https:\/\/lignesauto.fr\/wp-content\/uploads\/2019\/04\/DB2018AL02326_large-300x187.jpg 300w, https:\/\/lignesauto.fr\/wp-content\/uploads\/2019\/04\/DB2018AL02326_large-768x479.jpg 768w, https:\/\/lignesauto.fr\/wp-content\/uploads\/2019\/04\/DB2018AL02326_large-370x231.jpg 370w, https:\/\/lignesauto.fr\/wp-content\/uploads\/2019\/04\/DB2018AL02326_large-1040x648.jpg 1040w, https:\/\/lignesauto.fr\/wp-content\/uploads\/2019\/04\/DB2018AL02326_large.jpg 1417w\" sizes=\"(max-width: 1024px) 100vw, 1024px\" \/><\/a><\/p>\n<p><strong>Peut-on dire que l&#8217;int\u00e9rieur d&#8217;un v\u00e9hicule devient de plus en plus important parce que la voiture \u00e9volue en tant qu&#8217;espace de vie ?<\/strong><br \/>\nK.B. :&#8221;Oui, la voiture passe d&#8217;un univers de conduite, c&#8217;est-\u00e0-dire d&#8217;un syst\u00e8me de commande d&#8217;une machine optimis\u00e9e sur le plan ergonomique, \u00e0 une salle de s\u00e9jour enti\u00e8rement connect\u00e9e. L&#8217;ambiance lumineuse par exemple, fait appel \u00e0 des composants qui deviennent de plus en plus l\u00e9gers, minces et petits. Le syst\u00e8me de climatisation n&#8217;occupe plus autant d&#8217;espace qu&#8217;auparavant, car la plus grande partie de l&#8217;air conditionn\u00e9 se d\u00e9place dans l&#8217;ancien compartiment moteur. Tout cela se traduit par des int\u00e9rieurs plus spacieux. Les voitures \u00e9lectriques ont toutefois encore besoin de syst\u00e8mes de retenue et de s\u00e9curit\u00e9. A l&#8217;avenir, cet objectif sera atteint gr\u00e2ce \u00e0 une conduite autonome &#8211; et cr\u00e9era ainsi encore plus de libert\u00e9 de conception.&#8221;<\/p>\n<p><a href=\"http:\/\/lignesauto.fr\/?attachment_id=9632\" rel=\"attachment wp-att-9632\"><img loading=\"lazy\" decoding=\"async\" class=\"alignnone wp-image-9632 size-large\" src=\"http:\/\/lignesauto.fr\/wp-content\/uploads\/2019\/05\/DB2019NR00177_full-1024x576.jpg\" alt=\"\" width=\"1024\" height=\"576\" srcset=\"https:\/\/lignesauto.fr\/wp-content\/uploads\/2019\/05\/DB2019NR00177_full-1024x576.jpg 1024w, https:\/\/lignesauto.fr\/wp-content\/uploads\/2019\/05\/DB2019NR00177_full-300x169.jpg 300w, https:\/\/lignesauto.fr\/wp-content\/uploads\/2019\/05\/DB2019NR00177_full-768x432.jpg 768w, https:\/\/lignesauto.fr\/wp-content\/uploads\/2019\/05\/DB2019NR00177_full-370x208.jpg 370w, https:\/\/lignesauto.fr\/wp-content\/uploads\/2019\/05\/DB2019NR00177_full-1040x585.jpg 1040w, https:\/\/lignesauto.fr\/wp-content\/uploads\/2019\/05\/DB2019NR00177_full.jpg 1160w\" sizes=\"(max-width: 1024px) 100vw, 1024px\" \/><\/a><\/p>\n<p><strong>La v\u00e9ritable r\u00e9volution est-elle encore \u00e0 venir avec la conduite autonome ?\u00a0Parce qu&#8217;avec la mobilit\u00e9 sans conducteur, le volant et l&#8217;habitacle du conducteur seront \u00e9galement \u00e9limin\u00e9s.<\/strong><br \/>\nK.B. :&#8221;Oui, mais il reste encore beaucoup \u00e0 faire. Pour l&#8217;instant, nous faisons tout ce qui est en notre pouvoir pour rendre les voitures \u00e9lectriques attrayantes pour de nombreuses personnes. La d\u00e9mocratisation de la mobilit\u00e9 a fait la grandeur de Volkswagen. D\u00e9sormais, nous pouvons offrir \u00e0 chacun un voyage plus d\u00e9tendu, plus calme, plus agr\u00e9able et plus s\u00fbr que jamais. Nous avons des moments passionnants devant nous.&#8221;<\/p>\n<p><a href=\"http:\/\/lignesauto.fr\/?attachment_id=9647\" rel=\"attachment wp-att-9647\"><img loading=\"lazy\" decoding=\"async\" class=\"alignnone wp-image-9647 size-large\" src=\"http:\/\/lignesauto.fr\/wp-content\/uploads\/2019\/05\/B_03-1024x768.jpg\" alt=\"\" width=\"1024\" height=\"768\" srcset=\"https:\/\/lignesauto.fr\/wp-content\/uploads\/2019\/05\/B_03-1024x768.jpg 1024w, https:\/\/lignesauto.fr\/wp-content\/uploads\/2019\/05\/B_03-300x225.jpg 300w, https:\/\/lignesauto.fr\/wp-content\/uploads\/2019\/05\/B_03-768x576.jpg 768w, https:\/\/lignesauto.fr\/wp-content\/uploads\/2019\/05\/B_03-370x278.jpg 370w, https:\/\/lignesauto.fr\/wp-content\/uploads\/2019\/05\/B_03-1040x780.jpg 1040w, https:\/\/lignesauto.fr\/wp-content\/uploads\/2019\/05\/B_03.jpg 1417w\" sizes=\"(max-width: 1024px) 100vw, 1024px\" \/><\/a><\/p>\n<p><strong>La nouvelle Volkswagen ID.3 sera commercialis\u00e9e au d\u00e9but de 2020. Quel est l&#8217;ADN de\u00a0cette nouvelle venue ?<\/strong><br \/>\nK.B. : &#8220;Avec l&#8217;ID., nous essayons de cr\u00e9er une nouvelle identit\u00e9 &#8220;e-famille&#8221;. Tout le monde dans la rue doit imm\u00e9diatement comprendre qu&#8217;une ID. ne peut \u00eatre qu&#8217;une voiture \u00e9lectrique ! Et la deuxi\u00e8me pens\u00e9e : \u00e7a ne peut \u00eatre qu&#8217;une VW !\u00a0L&#8217;ADN de la famille ID., c&#8217;est la sympathie, la discr\u00e9tion, la puret\u00e9. La forme est tr\u00e8s innovante, mettant l&#8217;accent sur la rupture plut\u00f4t que sur la continuit\u00e9. Nous voulons pr\u00e9senter de v\u00e9ritables &#8220;e-personnalit\u00e9s&#8221;, afin de r\u00e9duire les inhibitions concernant la nouvelle technologie du tout \u00e9lectrique. Et nous avons toujours \u00e0 l&#8217;esprit la d\u00e9mocratisation. &#8220;E-mobilit\u00e9&#8221; pour tous : c&#8217;est ce que l&#8217;on ambitionne.&#8221;<\/p>\n<p><strong>Avez-vous une pr\u00e9f\u00e9r\u00e9e parmi toutes les ID. pr\u00e9sent\u00e9es en concepts ?<\/strong><br \/>\nK.B. : &#8220;Peut-\u00eatre l&#8217;ID. BUZZZ, parce que ce v\u00e9hicule combine de mani\u00e8re unique les avantages de la mobilit\u00e9 \u00e9lectrique avec un design unique li\u00e9 \u00e0 la marque : l&#8217;origine de Volkswagen, le mythe du bus Volkswagen original, compl\u00e8tement r\u00e9invent\u00e9.&#8221;<\/p>\n<p><a href=\"http:\/\/lignesauto.fr\/?attachment_id=9629\" rel=\"attachment wp-att-9629\"><img loading=\"lazy\" decoding=\"async\" class=\"alignnone wp-image-9629 size-large\" src=\"http:\/\/lignesauto.fr\/wp-content\/uploads\/2019\/05\/DB2017AU01310_full-1024x682.jpg\" alt=\"\" width=\"1024\" height=\"682\" srcset=\"https:\/\/lignesauto.fr\/wp-content\/uploads\/2019\/05\/DB2017AU01310_full-1024x682.jpg 1024w, https:\/\/lignesauto.fr\/wp-content\/uploads\/2019\/05\/DB2017AU01310_full-300x200.jpg 300w, https:\/\/lignesauto.fr\/wp-content\/uploads\/2019\/05\/DB2017AU01310_full-768x512.jpg 768w, https:\/\/lignesauto.fr\/wp-content\/uploads\/2019\/05\/DB2017AU01310_full-370x247.jpg 370w, https:\/\/lignesauto.fr\/wp-content\/uploads\/2019\/05\/DB2017AU01310_full-1040x693.jpg 1040w, https:\/\/lignesauto.fr\/wp-content\/uploads\/2019\/05\/DB2017AU01310_full.jpg 1160w\" sizes=\"(max-width: 1024px) 100vw, 1024px\" \/><\/a><\/p>\n<p><strong>Le design sonore joue \u00e9galement un nouveau r\u00f4le, un son qui devient partie int\u00e9grante de l&#8217;identit\u00e9 de la marque ?<\/strong><br \/>\nK.B. :&#8221;Il s&#8217;agit d&#8217;un nouveau domaine d&#8217;activit\u00e9 pour les designers automobiles. Bien s\u00fbr, nous avons d\u00e9j\u00e0 travaill\u00e9 sur les sons mais avec l&#8217;augmentation de la vitesse, les bruits de conduite qui sont aujourd&#8217;hui masqu\u00e9s par le bruit du moteur deviennent \u00e9galement plus pr\u00e9sents. L&#8217;isolation est donc importante. Nous percevons plus clairement chaque clic, chaque contact, chaque actionnement des \u00e9l\u00e9ments de commutation. Cela offre des possibilit\u00e9s insoup\u00e7onn\u00e9es. En m\u00eame temps, les clients sentiront et reconna\u00eetront une marque plus fortement que jamais \u00e0 travers le son. J&#8217;aimerais que l&#8217;on reconnaisse une VW qui vient de passer devant vous d&#8217;apr\u00e8s le son seul !&#8221;<\/p>\n<p><strong>Comment une Volkswagen ID. doit elle &#8220;sonner&#8221; dans votre esprit ?<\/strong><br \/>\nK.B. : &#8220;Chaque Volkswagen a besoin d&#8217;une pr\u00e9sence sympathique, amicale et r\u00e9serv\u00e9e. En d&#8217;autres termes, le contraire d&#8217;agressif, intrusif, ennuyeux. Cela exige une conception sonore qui ne vous \u00e9nervera pas, m\u00eame \u00e0 la dixi\u00e8me fois, \u00a0et rendra la journ\u00e9e plus agr\u00e9able.&#8221;<\/p>\n<p><a href=\"http:\/\/lignesauto.fr\/?attachment_id=9236\" rel=\"attachment wp-att-9236\"><img loading=\"lazy\" decoding=\"async\" class=\"alignnone wp-image-9236 size-large\" src=\"http:\/\/lignesauto.fr\/wp-content\/uploads\/2019\/04\/DB2019AU00329_large-1024x540.jpg\" alt=\"\" width=\"1024\" height=\"540\" srcset=\"https:\/\/lignesauto.fr\/wp-content\/uploads\/2019\/04\/DB2019AU00329_large-1024x540.jpg 1024w, https:\/\/lignesauto.fr\/wp-content\/uploads\/2019\/04\/DB2019AU00329_large-300x158.jpg 300w, https:\/\/lignesauto.fr\/wp-content\/uploads\/2019\/04\/DB2019AU00329_large-768x405.jpg 768w, https:\/\/lignesauto.fr\/wp-content\/uploads\/2019\/04\/DB2019AU00329_large-370x195.jpg 370w, https:\/\/lignesauto.fr\/wp-content\/uploads\/2019\/04\/DB2019AU00329_large-1040x548.jpg 1040w, https:\/\/lignesauto.fr\/wp-content\/uploads\/2019\/04\/DB2019AU00329_large.jpg 1417w\" sizes=\"(max-width: 1024px) 100vw, 1024px\" \/><\/a><\/p>\n<p><strong>Quel r\u00f4le la r\u00e9alit\u00e9 augment\u00e9e joue-t-elle dans votre vie quotidienne aujourd&#8217;hui ?<\/strong><br \/>\nK.B. :&#8221;La m\u00e9thodologie de travail a chang\u00e9. Bien s\u00fbr, tout commence par une id\u00e9e 2D visualis\u00e9e, que ce soit sur tablette ou sur papier. Mais le saut dans la troisi\u00e8me dimension est beaucoup plus rapide et direct. Je mets des lunettes de r&#8221;r\u00e9alit\u00e9 virtuelle, je fais un croquis tridimensionnel, et l&#8217;\u00e9quipe et les membres du conseil peuvent s&#8217;asseoir ensemble dans la carrosserie virtuelle du v\u00e9hicule. Et si j&#8217;aime, je peux envoyer le brouillon directement \u00e0 la soufflerie. Dans le pass\u00e9, de telles \u00e9tapes prenaient des semaines et des mois. Le flux de travail num\u00e9rique nous rend plus agile et efficace. Ce qui est d&#8217;autant plus important que mes \u00e9quipes sont bas\u00e9es \u00e0 Wolfsburg et Shanghai, S\u00e3o Paulo et Mexico.&#8221;<\/p>\n<p><a href=\"http:\/\/lignesauto.fr\/?attachment_id=9631\" rel=\"attachment wp-att-9631\"><img loading=\"lazy\" decoding=\"async\" class=\"alignnone wp-image-9631 size-full\" src=\"http:\/\/lignesauto.fr\/wp-content\/uploads\/2019\/05\/DB2019NR00176_x750.jpg\" alt=\"\" width=\"750\" height=\"422\" srcset=\"https:\/\/lignesauto.fr\/wp-content\/uploads\/2019\/05\/DB2019NR00176_x750.jpg 750w, https:\/\/lignesauto.fr\/wp-content\/uploads\/2019\/05\/DB2019NR00176_x750-300x169.jpg 300w, https:\/\/lignesauto.fr\/wp-content\/uploads\/2019\/05\/DB2019NR00176_x750-370x208.jpg 370w\" sizes=\"(max-width: 750px) 100vw, 750px\" \/><\/a><\/p>\n<p><strong>Donc quand M. Diess demande : &#8220;Et l&#8217;ID.CROZZ, M. Bischoff ?&#8221; Puis vous lui\u00a0donnez\u00a0des lunettes de r\u00e9alit\u00e9 virtuelle et vous pouvez lui dire : &#8220;Asseyez-vous et regardez, patron !&#8221; ?<\/strong><br \/>\nK.B. :&#8221;Oui, il l&#8217;a d\u00e9j\u00e0 fait. Et pour \u00eatre honn\u00eate, il a trouv\u00e9 \u00e7a plut\u00f4t tr\u00e8s cool !&#8221;<\/p>\n<h3><strong>VIDEO \u00a0:\u00a0<\/strong><\/h3>\n<p>https:\/\/www.youtube.com\/watch?time_continue=7&#038;v=uHV8t95AeNE<\/p>\n<p><strong>LIGNES\/auto\u00a0est aussi sur Facebook :<\/strong><\/p>\n<p><a href=\"https:\/\/www.facebook.com\/lignesauto\/?modal=admin_todo_tour\">https:\/\/www.facebook.com\/lignesauto\/?modal=admin_todo_tour<\/a><\/p>\n<p>&nbsp;<\/p>\n<p><a href=\"http:\/\/lignesauto.fr\/wp-content\/uploads\/2018\/10\/LOGOActus_BD.jpg\"><img loading=\"lazy\" decoding=\"async\" class=\"alignnone size-medium wp-image-4921\" src=\"http:\/\/lignesauto.fr\/wp-content\/uploads\/2018\/10\/LOGOActus_BD-300x108.jpg\" alt=\"\" width=\"300\" height=\"108\" srcset=\"https:\/\/lignesauto.fr\/wp-content\/uploads\/2018\/10\/LOGOActus_BD-300x108.jpg 300w, https:\/\/lignesauto.fr\/wp-content\/uploads\/2018\/10\/LOGOActus_BD-768x276.jpg 768w, https:\/\/lignesauto.fr\/wp-content\/uploads\/2018\/10\/LOGOActus_BD-1024x367.jpg 1024w, https:\/\/lignesauto.fr\/wp-content\/uploads\/2018\/10\/LOGOActus_BD-370x133.jpg 370w, https:\/\/lignesauto.fr\/wp-content\/uploads\/2018\/10\/LOGOActus_BD-1040x373.jpg 1040w, https:\/\/lignesauto.fr\/wp-content\/uploads\/2018\/10\/LOGOActus_BD.jpg 1240w\" sizes=\"(max-width: 300px) 100vw, 300px\" \/><\/a><\/p>\n","protected":false},"excerpt":{"rendered":"<p>Il s&#8217;agit d&#8217;une interview du patron du design VW, r\u00e9alis\u00e9e par la com&#8217; VW. Une fois \u00e9dulcor\u00e9e, elle r\u00e9v\u00e8le quelques informations sur cette nouvelle famille ID., notamment sur la notion de &#8220;son&#8221; \u00e0 bord et \u00e0 l&#8217;ext\u00e9rieur de ces voitures plut\u00f4t silencieuses. Le premier enfant sera d\u00e9voil\u00e9 \u00e0 Francfort : [&hellip;]<\/p>\n","protected":false},"author":1,"featured_media":9632,"comment_status":"open","ping_status":"open","sticky":false,"template":"","format":"standard","meta":{"footnotes":""},"categories":[1],"tags":[],"_links":{"self":[{"href":"https:\/\/lignesauto.fr\/index.php?rest_route=\/wp\/v2\/posts\/9652"}],"collection":[{"href":"https:\/\/lignesauto.fr\/index.php?rest_route=\/wp\/v2\/posts"}],"about":[{"href":"https:\/\/lignesauto.fr\/index.php?rest_route=\/wp\/v2\/types\/post"}],"author":[{"embeddable":true,"href":"https:\/\/lignesauto.fr\/index.php?rest_route=\/wp\/v2\/users\/1"}],"replies":[{"embeddable":true,"href":"https:\/\/lignesauto.fr\/index.php?rest_route=%2Fwp%2Fv2%2Fcomments&post=9652"}],"version-history":[{"count":7,"href":"https:\/\/lignesauto.fr\/index.php?rest_route=\/wp\/v2\/posts\/9652\/revisions"}],"predecessor-version":[{"id":9661,"href":"https:\/\/lignesauto.fr\/index.php?rest_route=\/wp\/v2\/posts\/9652\/revisions\/9661"}],"wp:featuredmedia":[{"embeddable":true,"href":"https:\/\/lignesauto.fr\/index.php?rest_route=\/wp\/v2\/media\/9632"}],"wp:attachment":[{"href":"https:\/\/lignesauto.fr\/index.php?rest_route=%2Fwp%2Fv2%2Fmedia&parent=9652"}],"wp:term":[{"taxonomy":"category","embeddable":true,"href":"https:\/\/lignesauto.fr\/index.php?rest_route=%2Fwp%2Fv2%2Fcategories&post=9652"},{"taxonomy":"post_tag","embeddable":true,"href":"https:\/\/lignesauto.fr\/index.php?rest_route=%2Fwp%2Fv2%2Ftags&post=9652"}],"curies":[{"name":"wp","href":"https:\/\/api.w.org\/{rel}","templated":true}]}}