{"id":9896,"date":"2019-05-17T09:14:41","date_gmt":"2019-05-17T07:14:41","guid":{"rendered":"http:\/\/lignesauto.fr\/?p=9896"},"modified":"2019-05-17T09:32:57","modified_gmt":"2019-05-17T07:32:57","slug":"interview-de-pierre-leclecq-directeur-du-design-citroen-au-salon-viva-tech","status":"publish","type":"post","link":"https:\/\/lignesauto.fr\/?p=9896","title":{"rendered":"Interview de Pierre Leclecq, directeur du design Citro\u00ebn, au salon Viva-Tech"},"content":{"rendered":"<p><a href=\"http:\/\/lignesauto.fr\/wp-content\/uploads\/2018\/10\/LOGOActus_BD.jpg\"><img loading=\"lazy\" decoding=\"async\" class=\"alignnone size-medium wp-image-4921\" src=\"http:\/\/lignesauto.fr\/wp-content\/uploads\/2018\/10\/LOGOActus_BD-300x108.jpg\" alt=\"\" width=\"300\" height=\"108\" srcset=\"https:\/\/lignesauto.fr\/wp-content\/uploads\/2018\/10\/LOGOActus_BD-300x108.jpg 300w, https:\/\/lignesauto.fr\/wp-content\/uploads\/2018\/10\/LOGOActus_BD-768x276.jpg 768w, https:\/\/lignesauto.fr\/wp-content\/uploads\/2018\/10\/LOGOActus_BD-1024x367.jpg 1024w, https:\/\/lignesauto.fr\/wp-content\/uploads\/2018\/10\/LOGOActus_BD-370x133.jpg 370w, https:\/\/lignesauto.fr\/wp-content\/uploads\/2018\/10\/LOGOActus_BD-1040x373.jpg 1040w, https:\/\/lignesauto.fr\/wp-content\/uploads\/2018\/10\/LOGOActus_BD.jpg 1240w\" sizes=\"(max-width: 300px) 100vw, 300px\" \/><\/a><\/p>\n<p><img loading=\"lazy\" decoding=\"async\" class=\"alignnone wp-image-9908 size-large\" src=\"http:\/\/lignesauto.fr\/wp-content\/uploads\/2019\/05\/LIGNESVIVA_04-1024x490.jpg\" alt=\"\" width=\"1024\" height=\"490\" srcset=\"https:\/\/lignesauto.fr\/wp-content\/uploads\/2019\/05\/LIGNESVIVA_04-1024x490.jpg 1024w, https:\/\/lignesauto.fr\/wp-content\/uploads\/2019\/05\/LIGNESVIVA_04-300x144.jpg 300w, https:\/\/lignesauto.fr\/wp-content\/uploads\/2019\/05\/LIGNESVIVA_04-768x367.jpg 768w, https:\/\/lignesauto.fr\/wp-content\/uploads\/2019\/05\/LIGNESVIVA_04-370x177.jpg 370w, https:\/\/lignesauto.fr\/wp-content\/uploads\/2019\/05\/LIGNESVIVA_04-1040x498.jpg 1040w, https:\/\/lignesauto.fr\/wp-content\/uploads\/2019\/05\/LIGNESVIVA_04.jpg 1417w\" sizes=\"(max-width: 1024px) 100vw, 1024px\" \/><\/p>\n<p>Citro\u00ebn a d\u00e9cid\u00e9 de d\u00e9voiler au public son second concept-car du centenaire \u00e0 l&#8217;occasion du salon Viva Technology &#8220;Viva Tech&#8221; (voir post pr\u00e9c\u00e9dent).\u00a0Nous y avons rencontr\u00e9 le directeur du style, Pierre Leclercq pour \u00e9voquer cet OVNI \u00e9tonnant.<\/p>\n<p>&nbsp;<\/p>\n<p><strong>LIGNES\/auto : lorsque vous \u00eates arriv\u00e9 chez Citro\u00ebn \u00e0 l&#8217;hiver dernier, vous vous attendiez \u00e0 voir autant de cr\u00e9ativit\u00e9 ?<\/strong><br \/>\nPierre Leclercq : &#8220;Oui, je m\u2019y attendais car j\u2019ai toujours vu les marques fran\u00e7aises, et surtout Citro\u00ebn, capables d\u2019amener des concept-cars assez exceptionnels.\u00a0Maintenant, est ce que je m\u2019attendais \u00e0 voir ces concepts-l\u00e0 dans le studio, ma r\u00e9ponse est non et ma surprise a \u00e9t\u00e9 super positive !\u00a0Quand vous arrivez dans un nouveau studio, parfois vous trouvez des projets auxquels vous n&#8217;adh\u00e9rez pas forc\u00e9ment alors qu&#8217;au contraire, quand j\u2019ai vu ces deux concepts, j\u2019ai ador\u00e9\u00a0!&#8221;<\/p>\n<p><img loading=\"lazy\" decoding=\"async\" class=\"alignnone wp-image-9914 size-large\" src=\"http:\/\/lignesauto.fr\/wp-content\/uploads\/2019\/05\/Capture-d\u2019\u00e9cran-2019-05-17-\u00e0-08.53.04-1024x348.png\" alt=\"\" width=\"1024\" height=\"348\" srcset=\"https:\/\/lignesauto.fr\/wp-content\/uploads\/2019\/05\/Capture-d\u2019\u00e9cran-2019-05-17-\u00e0-08.53.04-1024x348.png 1024w, https:\/\/lignesauto.fr\/wp-content\/uploads\/2019\/05\/Capture-d\u2019\u00e9cran-2019-05-17-\u00e0-08.53.04-300x102.png 300w, https:\/\/lignesauto.fr\/wp-content\/uploads\/2019\/05\/Capture-d\u2019\u00e9cran-2019-05-17-\u00e0-08.53.04-768x261.png 768w, https:\/\/lignesauto.fr\/wp-content\/uploads\/2019\/05\/Capture-d\u2019\u00e9cran-2019-05-17-\u00e0-08.53.04-370x126.png 370w, https:\/\/lignesauto.fr\/wp-content\/uploads\/2019\/05\/Capture-d\u2019\u00e9cran-2019-05-17-\u00e0-08.53.04-1040x354.png 1040w, https:\/\/lignesauto.fr\/wp-content\/uploads\/2019\/05\/Capture-d\u2019\u00e9cran-2019-05-17-\u00e0-08.53.04.png 1417w\" sizes=\"(max-width: 1024px) 100vw, 1024px\" \/><\/p>\n<p><strong>19_19 est quand m\u00eame tr\u00e8s particulier&#8230;<\/strong><br \/>\nP.L. : &#8220;Ami One est exceptionnel de par sa vision de la mobilit\u00e9 urbaine de demain mais oui, quand j&#8217;ai vu 19_19 \u00e0 l&#8217;\u00e9tat de maquette, j\u2019ai dit wahooo : ses proportions incroyables, ses grandes roues. On a boss\u00e9 dur avec Goodyear pour les d\u00e9velopper, ils nous ont vraiment bien aid\u00e9.&#8221;<\/p>\n<p><img loading=\"lazy\" decoding=\"async\" class=\"alignnone wp-image-9839 size-large\" src=\"http:\/\/lignesauto.fr\/wp-content\/uploads\/2019\/05\/L19_07-1024x796.jpg\" alt=\"\" width=\"1024\" height=\"796\" srcset=\"https:\/\/lignesauto.fr\/wp-content\/uploads\/2019\/05\/L19_07-1024x796.jpg 1024w, https:\/\/lignesauto.fr\/wp-content\/uploads\/2019\/05\/L19_07-300x233.jpg 300w, https:\/\/lignesauto.fr\/wp-content\/uploads\/2019\/05\/L19_07-768x597.jpg 768w, https:\/\/lignesauto.fr\/wp-content\/uploads\/2019\/05\/L19_07-370x288.jpg 370w, https:\/\/lignesauto.fr\/wp-content\/uploads\/2019\/05\/L19_07-1040x809.jpg 1040w, https:\/\/lignesauto.fr\/wp-content\/uploads\/2019\/05\/L19_07.jpg 1417w\" sizes=\"(max-width: 1024px) 100vw, 1024px\" \/><\/p>\n<p><strong>Des roues de 30 pouces, un caprice de designer ?<\/strong><br \/>\nP.L. :&#8221;Non, pas seulement ! Ces roues font partie int\u00e9grante du concept. La capsule port\u00e9e haut par ces roues nous autorise une super-a\u00e9rodynamique par les flux inf\u00e9rieurs. On est l\u00e0 vraiment dans l\u2019univers a\u00e9ronautique.&#8221;<\/p>\n<p><strong>Pour l&#8217;inspiration des designers, cet univers a\u00e9ronautique est un passage oblig\u00e9 ?<\/strong><br \/>\nP.L. :&#8221;Si vous observez minutieusement chacun des d\u00e9tails, le concept est tr\u00e8s int\u00e9ressant. Dans nos cr\u00e9ations, que ce soit pour les concepts-cars ou pour la s\u00e9rie, on r\u00e9alise une \u00e9bauche des formes avec des volumes doux, simples et on propose un contraste fort avec des d\u00e9tails trait\u00e9s avec minutie. Ceux de 19_19 sont trait\u00e9s comme ils le seraient sur un avion. Pour la s\u00e9rie comme pour les concepts, il est n\u00e9cessaire d&#8217;avoir des\u00a0inspirations hors de l\u2019univers automobile !<\/p>\n<p><img loading=\"lazy\" decoding=\"async\" class=\"alignnone wp-image-9909 size-large\" src=\"http:\/\/lignesauto.fr\/wp-content\/uploads\/2019\/05\/LIGNESVIVA_05-1024x576.jpg\" alt=\"\" width=\"1024\" height=\"576\" srcset=\"https:\/\/lignesauto.fr\/wp-content\/uploads\/2019\/05\/LIGNESVIVA_05-1024x576.jpg 1024w, https:\/\/lignesauto.fr\/wp-content\/uploads\/2019\/05\/LIGNESVIVA_05-300x169.jpg 300w, https:\/\/lignesauto.fr\/wp-content\/uploads\/2019\/05\/LIGNESVIVA_05-768x432.jpg 768w, https:\/\/lignesauto.fr\/wp-content\/uploads\/2019\/05\/LIGNESVIVA_05-370x208.jpg 370w, https:\/\/lignesauto.fr\/wp-content\/uploads\/2019\/05\/LIGNESVIVA_05-1040x585.jpg 1040w, https:\/\/lignesauto.fr\/wp-content\/uploads\/2019\/05\/LIGNESVIVA_05.jpg 1417w\" sizes=\"(max-width: 1024px) 100vw, 1024px\" \/><img loading=\"lazy\" decoding=\"async\" class=\"alignnone wp-image-9910 size-large\" src=\"http:\/\/lignesauto.fr\/wp-content\/uploads\/2019\/05\/LIGNESVIVA_06-1024x576.jpg\" alt=\"\" width=\"1024\" height=\"576\" srcset=\"https:\/\/lignesauto.fr\/wp-content\/uploads\/2019\/05\/LIGNESVIVA_06-1024x576.jpg 1024w, https:\/\/lignesauto.fr\/wp-content\/uploads\/2019\/05\/LIGNESVIVA_06-300x169.jpg 300w, https:\/\/lignesauto.fr\/wp-content\/uploads\/2019\/05\/LIGNESVIVA_06-768x432.jpg 768w, https:\/\/lignesauto.fr\/wp-content\/uploads\/2019\/05\/LIGNESVIVA_06-370x208.jpg 370w, https:\/\/lignesauto.fr\/wp-content\/uploads\/2019\/05\/LIGNESVIVA_06-1040x585.jpg 1040w, https:\/\/lignesauto.fr\/wp-content\/uploads\/2019\/05\/LIGNESVIVA_06.jpg 1417w\" sizes=\"(max-width: 1024px) 100vw, 1024px\" \/><\/p>\n<p><strong>Ce concept-car 19_19 prospectif puisqu&#8217;il nous plonge en 2030 (*) aura-t-il des retomb\u00e9es en s\u00e9rie ?<\/strong><br \/>\nP.L. : &#8220;Tr\u00e8s clairement, nous avons cette voiture dans nos studios. Ce sont les m\u00eames \u00e9quipes qui l&#8217;ont d\u00e9velopp\u00e9e et qui travaillent sur les voitures de production. Je peux donc vous dire qu\u2019on a pas mal d\u2019id\u00e9es inspir\u00e9es de ce concept sur les prochaines voitures qu\u2019on dessine maintenant, pour les quatre \u00e0 cinq prochaines ann\u00e9es. On ne fait pas des exercices de style pour les laisser de c\u00f4t\u00e9, mais pour inspirer nos \u00e9tudes de s\u00e9rie.&#8221;<\/p>\n<p><img loading=\"lazy\" decoding=\"async\" class=\"alignnone wp-image-9912 size-large\" src=\"http:\/\/lignesauto.fr\/wp-content\/uploads\/2019\/05\/LIGNESVIVA_08-1024x576.jpg\" alt=\"\" width=\"1024\" height=\"576\" srcset=\"https:\/\/lignesauto.fr\/wp-content\/uploads\/2019\/05\/LIGNESVIVA_08-1024x576.jpg 1024w, https:\/\/lignesauto.fr\/wp-content\/uploads\/2019\/05\/LIGNESVIVA_08-300x169.jpg 300w, https:\/\/lignesauto.fr\/wp-content\/uploads\/2019\/05\/LIGNESVIVA_08-768x432.jpg 768w, https:\/\/lignesauto.fr\/wp-content\/uploads\/2019\/05\/LIGNESVIVA_08-370x208.jpg 370w, https:\/\/lignesauto.fr\/wp-content\/uploads\/2019\/05\/LIGNESVIVA_08-1040x585.jpg 1040w, https:\/\/lignesauto.fr\/wp-content\/uploads\/2019\/05\/LIGNESVIVA_08.jpg 1417w\" sizes=\"(max-width: 1024px) 100vw, 1024px\" \/><\/p>\n<p><strong>(*)<\/strong>\u00a0Fr\u00e9d\u00e9ric Duvernier, responsable de l&#8217;avance de phase et des concept-car chez Citro\u00ebn, m&#8217;expliquait sur le stand Citro\u00ebn dans ce salon Viva-Tech que\u00a0<em>&#8220;les avances de phase cr\u00e9\u00e9es aujourd&#8217;hui concernent des v\u00e9hicules de s\u00e9rie qui arriveront en 2023, et la dur\u00e9e de vie de ces v\u00e9hicules les am\u00e8neront jusqu&#8217;en 2030.&#8221;<\/em><em>\u00a0<\/em>Donc 19_19 n&#8217;est pas de la science-fiction !<\/p>\n<p><strong>Dans une soci\u00e9t\u00e9 o\u00f9 tout va toujours plus vite, notamment en termes de communication, les concept-cars doivent-ils \u00eatre encore plus avant-gardistes ?<\/strong><br \/>\nP.L. :&#8221;Les concept-cars le sont car ils doivent nous amener sur de nouvelles pistes conceptuelles et doivent nourrir notre gamme \u00e0 moyen ou long terme. Mais d&#8217;une mani\u00e8re g\u00e9n\u00e9rale, le design devient de plus en plus important. Il y a 20 ou 30 ans, un client qui achetait une Citro\u00ebn restait un client Citro\u00ebn jusqu&#8217;\u00e0 la retraite. Aujourd&#8217;hui, il y a une volatilit\u00e9 et nous devons convaincre, notamment par un style fort.&#8221;<\/p>\n<p><strong>Il n&#8217;y a pas que des concept-cars, il y a aussi des show-cars plus proches de la s\u00e9rie. Y aura-t-il un show-car pour la grande berline Citro\u00ebn entre le concept CXperience et la s\u00e9rie ?<br \/>\n<\/strong>P.L. : &#8220;C&#8217;est\u00a0une bonne question&#8230;\u00a0Pour \u00eatre franc, la r\u00e9ponse n\u2019est pas encore d\u00e9finitive.&#8221;<\/p>\n<p><img loading=\"lazy\" decoding=\"async\" class=\"alignnone wp-image-9915 size-large\" src=\"http:\/\/lignesauto.fr\/wp-content\/uploads\/2019\/05\/LIGNESCXPE-1024x443.jpg\" alt=\"\" width=\"1024\" height=\"443\" srcset=\"https:\/\/lignesauto.fr\/wp-content\/uploads\/2019\/05\/LIGNESCXPE-1024x443.jpg 1024w, https:\/\/lignesauto.fr\/wp-content\/uploads\/2019\/05\/LIGNESCXPE-300x130.jpg 300w, https:\/\/lignesauto.fr\/wp-content\/uploads\/2019\/05\/LIGNESCXPE-768x332.jpg 768w, https:\/\/lignesauto.fr\/wp-content\/uploads\/2019\/05\/LIGNESCXPE-370x160.jpg 370w, https:\/\/lignesauto.fr\/wp-content\/uploads\/2019\/05\/LIGNESCXPE-1040x450.jpg 1040w, https:\/\/lignesauto.fr\/wp-content\/uploads\/2019\/05\/LIGNESCXPE.jpg 1417w\" sizes=\"(max-width: 1024px) 100vw, 1024px\" \/><\/p>\n<p><strong>Ca veut dire que la question se pose ?<\/strong><br \/>\nP.L. :&#8221;Oui, la question se pose mais le probl\u00e8me est qu&#8217;il n&#8217;y a pas beaucoup de salons et que nous avons pas mal de voitures en cours. Est-ce qu\u2019on a besoin d\u2019un show-car pour celle-l\u00e0 ? Il faut regarder le planning aussi&#8230; Quand on a une voiture comme la CXperience qui a pas mal inspir\u00e9 ce projet, est-ce qu\u2019on a besoin de refaire un concept ou est-ce qu\u2019on am\u00e8ne tout de suite la voiture en s\u00e9rie\u00a0?&#8221;<\/p>\n<p><strong>CXperience a affirm\u00e9 ce nouveau style tout en souplesse sans ligne de carre. Il sera p\u00e9renne plus d&#8217;une g\u00e9n\u00e9ration de voitures ?<\/strong><br \/>\nP.L.: &#8220;Ce style est une philosophie,\u00a0et surtout, il nous diff\u00e9rencie des autres marques du groupe, on ne se marche pas sur les pieds ! Alors oui, nous allons garder cette philosophie !&#8221;<\/p>\n<p><img loading=\"lazy\" decoding=\"async\" class=\"alignnone wp-image-9904 size-large\" src=\"http:\/\/lignesauto.fr\/wp-content\/uploads\/2019\/05\/Capture-d\u2019\u00e9cran-2019-05-16-\u00e0-16.03.02-1024x963.png\" alt=\"\" width=\"1024\" height=\"963\" srcset=\"https:\/\/lignesauto.fr\/wp-content\/uploads\/2019\/05\/Capture-d\u2019\u00e9cran-2019-05-16-\u00e0-16.03.02-1024x963.png 1024w, https:\/\/lignesauto.fr\/wp-content\/uploads\/2019\/05\/Capture-d\u2019\u00e9cran-2019-05-16-\u00e0-16.03.02-300x282.png 300w, https:\/\/lignesauto.fr\/wp-content\/uploads\/2019\/05\/Capture-d\u2019\u00e9cran-2019-05-16-\u00e0-16.03.02-768x722.png 768w, https:\/\/lignesauto.fr\/wp-content\/uploads\/2019\/05\/Capture-d\u2019\u00e9cran-2019-05-16-\u00e0-16.03.02-370x348.png 370w, https:\/\/lignesauto.fr\/wp-content\/uploads\/2019\/05\/Capture-d\u2019\u00e9cran-2019-05-16-\u00e0-16.03.02-1040x978.png 1040w, https:\/\/lignesauto.fr\/wp-content\/uploads\/2019\/05\/Capture-d\u2019\u00e9cran-2019-05-16-\u00e0-16.03.02.png 1714w\" sizes=\"(max-width: 1024px) 100vw, 1024px\" \/><\/p>\n<p><strong>Pouvez-vous r\u00e9sumer 19_19 en deux mots ?<\/strong><br \/>\nP.L.: &#8221; C&#8217;est un nuage roulant ! C\u2019est vraiment l\u2019inspiration, un dessin du designer Romain Gauvin. C&#8217;est g\u00e9nial lorsque vous pouvez amener l\u2019id\u00e9e originale du designer jusqu\u2019au produit fini, c\u2019est fort.&#8221;<\/p>\n<p><strong>Retrouver ce concept-car au salon Viva-Tech et non dans un salon automobile, \u00e7a vous choque ?<\/strong><br \/>\nP.L. : &#8220;Nous sommes ici dans un salon technologique et Citro\u00ebn\u00a0est la deuxi\u00e8me marque fran\u00e7aise en termes de d\u00e9p\u00f4ts de brevets. On vit une \u00e9poque o\u00f9 la technologie, ce n\u2019est pas juste une bo\u00eete qu\u2019on place dans la voiture. Les technologies qui sont tout autour de nous dans ce salon vont influencer, voire r\u00e9f\u00e9rencer le futur de l\u2019automobile, de la mobilit\u00e9. Il est donc tout \u00e0 fait logique que des constructeurs se retrouvent dans de tels salons.&#8221;<\/p>\n<p><strong>Ami One et 19_19, c&#8217;est le couple 2CV &#8211; DS qui se reforme !<\/strong><br \/>\nP.L. : &#8220;Oui, c\u2019est comme \u00e7a qu\u2019ils ont \u00e9t\u00e9 pens\u00e9s. Je suis personnellement content de les avoir ensemble car l\u2019un ne va pas sans l\u2019autre dans le discours de la marque.&#8221;<\/p>\n<p><img loading=\"lazy\" decoding=\"async\" class=\"alignnone wp-image-9906 size-large\" src=\"http:\/\/lignesauto.fr\/wp-content\/uploads\/2019\/05\/LIGNESVIVA_02-1024x337.jpg\" alt=\"\" width=\"1024\" height=\"337\" srcset=\"https:\/\/lignesauto.fr\/wp-content\/uploads\/2019\/05\/LIGNESVIVA_02-1024x337.jpg 1024w, https:\/\/lignesauto.fr\/wp-content\/uploads\/2019\/05\/LIGNESVIVA_02-300x99.jpg 300w, https:\/\/lignesauto.fr\/wp-content\/uploads\/2019\/05\/LIGNESVIVA_02-768x253.jpg 768w, https:\/\/lignesauto.fr\/wp-content\/uploads\/2019\/05\/LIGNESVIVA_02-370x122.jpg 370w, https:\/\/lignesauto.fr\/wp-content\/uploads\/2019\/05\/LIGNESVIVA_02-1040x343.jpg 1040w, https:\/\/lignesauto.fr\/wp-content\/uploads\/2019\/05\/LIGNESVIVA_02.jpg 1417w\" sizes=\"(max-width: 1024px) 100vw, 1024px\" \/><\/p>\n<p><strong>Ce salon concr\u00e9tise l&#8217;accord entre Airbus et la RATP pour des drones de transport de personnes en vue de 2025. Travaillez-vous sur de tels concepts ?<\/strong><br \/>\nP.L. : &#8220;\u00c9coutez, je ne peux pas vous r\u00e9pondre actuellement. Mais j\u2019aimerais bien qu\u2019on se reparle dans un an&#8230;&#8221;<\/p>\n<p><em>Propos recueillis par Christophe Bonnaud au salon Viva-Tech<\/em><\/p>\n<p>https:\/\/www.youtube.com\/watch?v=u1naKDDYLw8<\/p>\n<p><a href=\"http:\/\/lignesauto.fr\/wp-content\/uploads\/2018\/10\/LOGOActus_BD.jpg\"><img loading=\"lazy\" decoding=\"async\" class=\"alignnone size-medium wp-image-4921\" src=\"http:\/\/lignesauto.fr\/wp-content\/uploads\/2018\/10\/LOGOActus_BD-300x108.jpg\" alt=\"\" width=\"300\" height=\"108\" srcset=\"https:\/\/lignesauto.fr\/wp-content\/uploads\/2018\/10\/LOGOActus_BD-300x108.jpg 300w, https:\/\/lignesauto.fr\/wp-content\/uploads\/2018\/10\/LOGOActus_BD-768x276.jpg 768w, https:\/\/lignesauto.fr\/wp-content\/uploads\/2018\/10\/LOGOActus_BD-1024x367.jpg 1024w, https:\/\/lignesauto.fr\/wp-content\/uploads\/2018\/10\/LOGOActus_BD-370x133.jpg 370w, https:\/\/lignesauto.fr\/wp-content\/uploads\/2018\/10\/LOGOActus_BD-1040x373.jpg 1040w, https:\/\/lignesauto.fr\/wp-content\/uploads\/2018\/10\/LOGOActus_BD.jpg 1240w\" sizes=\"(max-width: 300px) 100vw, 300px\" \/><\/a><\/p>\n","protected":false},"excerpt":{"rendered":"<p>Citro\u00ebn a d\u00e9cid\u00e9 de d\u00e9voiler au public son second concept-car du centenaire \u00e0 l&#8217;occasion du salon Viva Technology &#8220;Viva Tech&#8221; (voir post pr\u00e9c\u00e9dent).\u00a0Nous y avons rencontr\u00e9 le directeur du style, Pierre Leclercq pour \u00e9voquer cet OVNI \u00e9tonnant. &nbsp; LIGNES\/auto : lorsque vous \u00eates arriv\u00e9 chez Citro\u00ebn \u00e0 l&#8217;hiver dernier, vous [&hellip;]<\/p>\n","protected":false},"author":1,"featured_media":9916,"comment_status":"open","ping_status":"open","sticky":false,"template":"","format":"standard","meta":{"footnotes":""},"categories":[1],"tags":[],"_links":{"self":[{"href":"https:\/\/lignesauto.fr\/index.php?rest_route=\/wp\/v2\/posts\/9896"}],"collection":[{"href":"https:\/\/lignesauto.fr\/index.php?rest_route=\/wp\/v2\/posts"}],"about":[{"href":"https:\/\/lignesauto.fr\/index.php?rest_route=\/wp\/v2\/types\/post"}],"author":[{"embeddable":true,"href":"https:\/\/lignesauto.fr\/index.php?rest_route=\/wp\/v2\/users\/1"}],"replies":[{"embeddable":true,"href":"https:\/\/lignesauto.fr\/index.php?rest_route=%2Fwp%2Fv2%2Fcomments&post=9896"}],"version-history":[{"count":21,"href":"https:\/\/lignesauto.fr\/index.php?rest_route=\/wp\/v2\/posts\/9896\/revisions"}],"predecessor-version":[{"id":9934,"href":"https:\/\/lignesauto.fr\/index.php?rest_route=\/wp\/v2\/posts\/9896\/revisions\/9934"}],"wp:featuredmedia":[{"embeddable":true,"href":"https:\/\/lignesauto.fr\/index.php?rest_route=\/wp\/v2\/media\/9916"}],"wp:attachment":[{"href":"https:\/\/lignesauto.fr\/index.php?rest_route=%2Fwp%2Fv2%2Fmedia&parent=9896"}],"wp:term":[{"taxonomy":"category","embeddable":true,"href":"https:\/\/lignesauto.fr\/index.php?rest_route=%2Fwp%2Fv2%2Fcategories&post=9896"},{"taxonomy":"post_tag","embeddable":true,"href":"https:\/\/lignesauto.fr\/index.php?rest_route=%2Fwp%2Fv2%2Ftags&post=9896"}],"curies":[{"name":"wp","href":"https:\/\/api.w.org\/{rel}","templated":true}]}}