{"id":9983,"date":"2019-05-21T09:20:23","date_gmt":"2019-05-21T07:20:23","guid":{"rendered":"http:\/\/lignesauto.fr\/?p=9983"},"modified":"2019-05-23T09:48:46","modified_gmt":"2019-05-23T07:48:46","slug":"une-nouvelle-art-car-bmw-officiellement-non-mais","status":"publish","type":"post","link":"https:\/\/lignesauto.fr\/?p=9983","title":{"rendered":"Une nouvelle Art-Car BMW ? Officiellement, non. Mais&#8230; (VIDEO)"},"content":{"rendered":"<p><a href=\"http:\/\/lignesauto.fr\/wp-content\/uploads\/2018\/10\/LOGOActus_BD.jpg\"><img loading=\"lazy\" decoding=\"async\" class=\"alignnone size-medium wp-image-4921\" src=\"http:\/\/lignesauto.fr\/wp-content\/uploads\/2018\/10\/LOGOActus_BD-300x108.jpg\" alt=\"\" width=\"300\" height=\"108\" srcset=\"https:\/\/lignesauto.fr\/wp-content\/uploads\/2018\/10\/LOGOActus_BD-300x108.jpg 300w, https:\/\/lignesauto.fr\/wp-content\/uploads\/2018\/10\/LOGOActus_BD-768x276.jpg 768w, https:\/\/lignesauto.fr\/wp-content\/uploads\/2018\/10\/LOGOActus_BD-1024x367.jpg 1024w, https:\/\/lignesauto.fr\/wp-content\/uploads\/2018\/10\/LOGOActus_BD-370x133.jpg 370w, https:\/\/lignesauto.fr\/wp-content\/uploads\/2018\/10\/LOGOActus_BD-1040x373.jpg 1040w, https:\/\/lignesauto.fr\/wp-content\/uploads\/2018\/10\/LOGOActus_BD.jpg 1240w\" sizes=\"(max-width: 300px) 100vw, 300px\" \/><\/a><\/p>\n<p><img loading=\"lazy\" decoding=\"async\" class=\"alignnone wp-image-9987 size-large\" src=\"http:\/\/lignesauto.fr\/wp-content\/uploads\/2019\/05\/LIGNESBMW_03-683x1024.jpg\" alt=\"\" width=\"683\" height=\"1024\" srcset=\"https:\/\/lignesauto.fr\/wp-content\/uploads\/2019\/05\/LIGNESBMW_03-683x1024.jpg 683w, https:\/\/lignesauto.fr\/wp-content\/uploads\/2019\/05\/LIGNESBMW_03-200x300.jpg 200w, https:\/\/lignesauto.fr\/wp-content\/uploads\/2019\/05\/LIGNESBMW_03-768x1152.jpg 768w, https:\/\/lignesauto.fr\/wp-content\/uploads\/2019\/05\/LIGNESBMW_03-370x555.jpg 370w, https:\/\/lignesauto.fr\/wp-content\/uploads\/2019\/05\/LIGNESBMW_03-1040x1560.jpg 1040w, https:\/\/lignesauto.fr\/wp-content\/uploads\/2019\/05\/LIGNESBMW_03.jpg 1417w\" sizes=\"(max-width: 683px) 100vw, 683px\" \/><\/p>\n<p>Le peintre et sculpteur de renomm\u00e9e internationale Thomas Scheibitz (ci-dessus) a bonifi\u00e9 la BMW i8 de son ami Bernd Heusinger. Son travail n&#8217;a pas \u00e9t\u00e9 command\u00e9 par BMW et ne fait donc pas partie de la s\u00e9rie BMW Art Car. BMW tient \u00e0 ce point de d\u00e9tail qui n&#8217;en est pas un ! Il s&#8217;agit plut\u00f4t d&#8217;un travail ind\u00e9pendant qui a \u00e9t\u00e9 pr\u00e9sent\u00e9 pour la premi\u00e8re fois au public le 18 mai \u00e0 l&#8217;atelier de Scheibitz \u00e0 Berlin.<\/p>\n<p><img loading=\"lazy\" decoding=\"async\" class=\"alignnone wp-image-9985 size-large\" src=\"http:\/\/lignesauto.fr\/wp-content\/uploads\/2019\/05\/LIGNESBMW_01-1024x749.jpg\" alt=\"\" width=\"1024\" height=\"749\" srcset=\"https:\/\/lignesauto.fr\/wp-content\/uploads\/2019\/05\/LIGNESBMW_01-1024x749.jpg 1024w, https:\/\/lignesauto.fr\/wp-content\/uploads\/2019\/05\/LIGNESBMW_01-300x220.jpg 300w, https:\/\/lignesauto.fr\/wp-content\/uploads\/2019\/05\/LIGNESBMW_01-768x562.jpg 768w, https:\/\/lignesauto.fr\/wp-content\/uploads\/2019\/05\/LIGNESBMW_01-370x271.jpg 370w, https:\/\/lignesauto.fr\/wp-content\/uploads\/2019\/05\/LIGNESBMW_01-1040x761.jpg 1040w, https:\/\/lignesauto.fr\/wp-content\/uploads\/2019\/05\/LIGNESBMW_01.jpg 1417w\" sizes=\"(max-width: 1024px) 100vw, 1024px\" \/><\/p>\n<p>N\u00e9 en 1968 \u00e0 Radeberg pr\u00e8s de la ville de Dresde, l\u2019artiste consid\u00e8re les voitures de sport comme des sculptures con\u00e7ues comme <em>&#8220;la r\u00e9sultante dynamique d&#8217;une synth\u00e8se de la technologie et de la cr\u00e9ativit\u00e9&#8221;<\/em>. Interrog\u00e9 sur son \u0153uvre exp\u00e9rimentale, Thomas Scheibitz a d\u00e9clar\u00e9 que <em>&#8220;les pr\u00e9occupations sculpturales traditionnelles telles que les perspectives visuelles, l&#8217;imagerie d\u00e9taill\u00e9e, les perspectives spatiales, les qualit\u00e9s des reliefs, la sym\u00e9trie ainsi que l&#8217;illusion ont \u00e9t\u00e9 les points de d\u00e9part de ma conception.&#8221;<\/em> Qu&#8217;est-ce qu&#8217;ils parlent bien ces artistes, non\u00a0?!<\/p>\n<p><img loading=\"lazy\" decoding=\"async\" class=\"alignnone wp-image-9988 size-large\" src=\"http:\/\/lignesauto.fr\/wp-content\/uploads\/2019\/05\/LIGNESBMW_04-725x1024.jpg\" alt=\"\" width=\"725\" height=\"1024\" srcset=\"https:\/\/lignesauto.fr\/wp-content\/uploads\/2019\/05\/LIGNESBMW_04-725x1024.jpg 725w, https:\/\/lignesauto.fr\/wp-content\/uploads\/2019\/05\/LIGNESBMW_04-212x300.jpg 212w, https:\/\/lignesauto.fr\/wp-content\/uploads\/2019\/05\/LIGNESBMW_04-768x1085.jpg 768w, https:\/\/lignesauto.fr\/wp-content\/uploads\/2019\/05\/LIGNESBMW_04-370x523.jpg 370w, https:\/\/lignesauto.fr\/wp-content\/uploads\/2019\/05\/LIGNESBMW_04-1040x1469.jpg 1040w, https:\/\/lignesauto.fr\/wp-content\/uploads\/2019\/05\/LIGNESBMW_04.jpg 1417w\" sizes=\"(max-width: 725px) 100vw, 725px\" \/><\/p>\n<p>Thomas Scheibitz est connu pour jouer avec diverses r\u00e9f\u00e9rences dans ses peintures et sculptures souvent tr\u00e8s color\u00e9es. Il a utilis\u00e9 le flux dynamique des lignes de la i8 dessin\u00e9e par le fran\u00e7ais Beno\u00eet Jacob pour jouer avec la surface futuriste de cette carrosserie. L&#8217;artiste d\u00e9veloppe cette id\u00e9e en cr\u00e9ant un dialogue visuel entre la structure innovante en carbone et la texture de la toile traditionnelle. <em>&#8220;La plus grande pr\u00e9cision possible, alli\u00e9e \u00e0 la plus grande ouverture d&#8217;esprit possible &#8220;<\/em>, a-t-il dit un jour \u00e0 propos de son \u0153uvre, et ce principe s&#8217;applique \u00e9galement ici.<\/p>\n<p><img loading=\"lazy\" decoding=\"async\" class=\"alignnone wp-image-9989 size-large\" src=\"http:\/\/lignesauto.fr\/wp-content\/uploads\/2019\/05\/LIGNESBMW_05-1024x683.jpg\" alt=\"\" width=\"1024\" height=\"683\" srcset=\"https:\/\/lignesauto.fr\/wp-content\/uploads\/2019\/05\/LIGNESBMW_05-1024x683.jpg 1024w, https:\/\/lignesauto.fr\/wp-content\/uploads\/2019\/05\/LIGNESBMW_05-300x200.jpg 300w, https:\/\/lignesauto.fr\/wp-content\/uploads\/2019\/05\/LIGNESBMW_05-768x512.jpg 768w, https:\/\/lignesauto.fr\/wp-content\/uploads\/2019\/05\/LIGNESBMW_05-370x247.jpg 370w, https:\/\/lignesauto.fr\/wp-content\/uploads\/2019\/05\/LIGNESBMW_05-1040x694.jpg 1040w, https:\/\/lignesauto.fr\/wp-content\/uploads\/2019\/05\/LIGNESBMW_05.jpg 1417w\" sizes=\"(max-width: 1024px) 100vw, 1024px\" \/><\/p>\n<p>Apr\u00e8s une exposition personnelle au Kunstmuseum Bonn, Scheibitz a pr\u00e9sent\u00e9 de nombreuses peintures et sculptures en 2018 dans le cadre de &#8220;The Hunter in the Snow&#8221; pr\u00e9sent\u00e9 par la galerie Spr\u00fcth Magers \u00e0 Los Angeles. Du 11 septembre 2019 au 31 janvier 2020, la <em>Nationalgalerie der Staatlichen Museen zu Berlin\u00a0<\/em>accueillera &#8220;Picasso\/Scheibitz&#8221;, une exposition sp\u00e9ciale au Mus\u00e9e Berggruen, pr\u00e9sentant plus de 40 \u0153uvres de chaque artiste.<\/p>\n<p><img loading=\"lazy\" decoding=\"async\" class=\"alignnone wp-image-9986 size-large\" src=\"http:\/\/lignesauto.fr\/wp-content\/uploads\/2019\/05\/LIGNESBMW_02-1024x770.jpg\" alt=\"\" width=\"1024\" height=\"770\" srcset=\"https:\/\/lignesauto.fr\/wp-content\/uploads\/2019\/05\/LIGNESBMW_02-1024x770.jpg 1024w, https:\/\/lignesauto.fr\/wp-content\/uploads\/2019\/05\/LIGNESBMW_02-300x225.jpg 300w, https:\/\/lignesauto.fr\/wp-content\/uploads\/2019\/05\/LIGNESBMW_02-768x577.jpg 768w, https:\/\/lignesauto.fr\/wp-content\/uploads\/2019\/05\/LIGNESBMW_02-370x278.jpg 370w, https:\/\/lignesauto.fr\/wp-content\/uploads\/2019\/05\/LIGNESBMW_02-1040x782.jpg 1040w, https:\/\/lignesauto.fr\/wp-content\/uploads\/2019\/05\/LIGNESBMW_02.jpg 1417w\" sizes=\"(max-width: 1024px) 100vw, 1024px\" \/><\/p>\n<p><strong>LA VIDEO DE LA CHAINE YOU TUBE DE LIGNES\/auto<\/strong><\/p>\n<p><iframe loading=\"lazy\" title=\"LIGNES BMW ART CAR\" width=\"640\" height=\"360\" src=\"https:\/\/www.youtube.com\/embed\/1tFplVycolo?feature=oembed\" frameborder=\"0\" allow=\"accelerometer; autoplay; clipboard-write; encrypted-media; gyroscope; picture-in-picture; web-share\" referrerpolicy=\"strict-origin-when-cross-origin\" allowfullscreen><\/iframe><\/p>\n<p><a href=\"http:\/\/lignesauto.fr\/wp-content\/uploads\/2018\/10\/LOGOActus_BD.jpg\"><img loading=\"lazy\" decoding=\"async\" class=\"alignnone size-medium wp-image-4921\" src=\"http:\/\/lignesauto.fr\/wp-content\/uploads\/2018\/10\/LOGOActus_BD-300x108.jpg\" alt=\"\" width=\"300\" height=\"108\" srcset=\"https:\/\/lignesauto.fr\/wp-content\/uploads\/2018\/10\/LOGOActus_BD-300x108.jpg 300w, https:\/\/lignesauto.fr\/wp-content\/uploads\/2018\/10\/LOGOActus_BD-768x276.jpg 768w, https:\/\/lignesauto.fr\/wp-content\/uploads\/2018\/10\/LOGOActus_BD-1024x367.jpg 1024w, https:\/\/lignesauto.fr\/wp-content\/uploads\/2018\/10\/LOGOActus_BD-370x133.jpg 370w, https:\/\/lignesauto.fr\/wp-content\/uploads\/2018\/10\/LOGOActus_BD-1040x373.jpg 1040w, https:\/\/lignesauto.fr\/wp-content\/uploads\/2018\/10\/LOGOActus_BD.jpg 1240w\" sizes=\"(max-width: 300px) 100vw, 300px\" \/><\/a><\/p>\n","protected":false},"excerpt":{"rendered":"<p>Le peintre et sculpteur de renomm\u00e9e internationale Thomas Scheibitz (ci-dessus) a bonifi\u00e9 la BMW i8 de son ami Bernd Heusinger. Son travail n&#8217;a pas \u00e9t\u00e9 command\u00e9 par BMW et ne fait donc pas partie de la s\u00e9rie BMW Art Car. BMW tient \u00e0 ce point de d\u00e9tail qui n&#8217;en est [&hellip;]<\/p>\n","protected":false},"author":1,"featured_media":9984,"comment_status":"open","ping_status":"open","sticky":false,"template":"","format":"standard","meta":{"footnotes":""},"categories":[1],"tags":[],"_links":{"self":[{"href":"https:\/\/lignesauto.fr\/index.php?rest_route=\/wp\/v2\/posts\/9983"}],"collection":[{"href":"https:\/\/lignesauto.fr\/index.php?rest_route=\/wp\/v2\/posts"}],"about":[{"href":"https:\/\/lignesauto.fr\/index.php?rest_route=\/wp\/v2\/types\/post"}],"author":[{"embeddable":true,"href":"https:\/\/lignesauto.fr\/index.php?rest_route=\/wp\/v2\/users\/1"}],"replies":[{"embeddable":true,"href":"https:\/\/lignesauto.fr\/index.php?rest_route=%2Fwp%2Fv2%2Fcomments&post=9983"}],"version-history":[{"count":4,"href":"https:\/\/lignesauto.fr\/index.php?rest_route=\/wp\/v2\/posts\/9983\/revisions"}],"predecessor-version":[{"id":10011,"href":"https:\/\/lignesauto.fr\/index.php?rest_route=\/wp\/v2\/posts\/9983\/revisions\/10011"}],"wp:featuredmedia":[{"embeddable":true,"href":"https:\/\/lignesauto.fr\/index.php?rest_route=\/wp\/v2\/media\/9984"}],"wp:attachment":[{"href":"https:\/\/lignesauto.fr\/index.php?rest_route=%2Fwp%2Fv2%2Fmedia&parent=9983"}],"wp:term":[{"taxonomy":"category","embeddable":true,"href":"https:\/\/lignesauto.fr\/index.php?rest_route=%2Fwp%2Fv2%2Fcategories&post=9983"},{"taxonomy":"post_tag","embeddable":true,"href":"https:\/\/lignesauto.fr\/index.php?rest_route=%2Fwp%2Fv2%2Ftags&post=9983"}],"curies":[{"name":"wp","href":"https:\/\/api.w.org\/{rel}","templated":true}]}}